{"id":608,"date":"2025-07-28T13:28:06","date_gmt":"2025-07-28T17:28:06","guid":{"rendered":"https:\/\/redpronorte.cl\/sitio\/?p=608"},"modified":"2025-07-28T13:37:46","modified_gmt":"2025-07-28T17:37:46","slug":"faena-minera-de-teck-en-peru-conoce-red-pro-norte","status":"publish","type":"post","link":"https:\/\/redpronorte.cl\/sitio\/faena-minera-de-teck-en-peru-conoce-red-pro-norte\/","title":{"rendered":"Faena minera de Teck en Per\u00fa conoce Red Pro Norte"},"content":{"rendered":"\n<p class=\"justify\"><\/p>\n\n\n\n<h3><p align=\"justify\">La Asociaci\u00f3n de Industriales de Iquique y el Tamarugal (AII), junto a Teck Quebrada Blanca sostuvieron una reuni\u00f3n con los representantes de la faena minera Zafranal, nuevo proyecto de Teck en Per\u00fa, para darles a conocer la experiencia del Programa de Desarrollo de Proveedores Locales QB2, as\u00ed como tambi\u00e9n el trabajo que est\u00e1 realizando con la plataforma Red Pro Norte, desarrollado entre ambas entidades, adem\u00e1s de la iniciativa Elige Crecer de la compa\u00f1\u00eda minera.<\/p><\/h3>\n\n\n\n<p align=\"justify\">La L\u00edder de Elige Crecer de Teck, Denisse Barahona, indic\u00f3 que \u201cel objetivo es que ellos pudiesen conocer lo que se realiz\u00f3 en materia de formaci\u00f3n y desarrollo de proveedores locales en su momento, el aprendizaje y las oportunidades de mejora, con el fin de que ellos puedan generar un proceso mucho m\u00e1s robusto\u201d.<\/p>\n\n\n<div class=\"wp-block-image\">\n<figure class=\"aligncenter size-full is-resized\"><img loading=\"lazy\" decoding=\"async\" width=\"1920\" height=\"1280\" src=\"https:\/\/redpronorte.cl\/sitio\/wp-content\/uploads\/2025\/07\/IMG_5506.jpg\" alt=\"\" class=\"wp-image-610\" style=\"width:840px;height:auto\" srcset=\"https:\/\/redpronorte.cl\/sitio\/wp-content\/uploads\/2025\/07\/IMG_5506.jpg 1920w, https:\/\/redpronorte.cl\/sitio\/wp-content\/uploads\/2025\/07\/IMG_5506-300x200.jpg 300w, https:\/\/redpronorte.cl\/sitio\/wp-content\/uploads\/2025\/07\/IMG_5506-1024x683.jpg 1024w, https:\/\/redpronorte.cl\/sitio\/wp-content\/uploads\/2025\/07\/IMG_5506-768x512.jpg 768w, https:\/\/redpronorte.cl\/sitio\/wp-content\/uploads\/2025\/07\/IMG_5506-1536x1024.jpg 1536w\" sizes=\"auto, (max-width: 1920px) 100vw, 1920px\" \/><\/figure>\n<\/div>\n\n\n<br><p align=\"justify\">Felicia Castro, gerente de Gesti\u00f3n Social de Zafranal, indic\u00f3 que \u201cnosotros estamos reci\u00e9n comenzando, el pr\u00f3ximo a\u00f1o comienza el proceso de construcci\u00f3n, por lo que ahora estamos implementando el programa de empleo y procura local, por lo que queremos conocer las lecciones aprendidas en Quebrada Blanca y las experiencias de \u00e9xito, tanto de Elige Crecer como de Red Pro Norte, y llevarlas a Per\u00fa. La iniciativa Red Pro Norte creemos que est\u00e1 muy bien consolidada, nosotros tenemos oportunidades muy similares all\u00e1, por lo que ahora veremos c\u00f3mo hacer esa sinergia con las empresas de la localidad\u201d.<\/p>\n\n\n\n<p align=\"justify\">Marcos G\u00f3mez, gerente general de la AII, indic\u00f3 que \u201cvaloramos enormemente que experiencias exitosas como el Programa de Desarrollo de Proveedores Locales de Quebrada Blanca, as\u00ed como plataformas como Red Pro Norte, est\u00e9n siendo consideradas como referencia por otros proyectos de la regi\u00f3n y del extranjero. Para nosotros, como gremio, es un reconocimiento al trabajo sistem\u00e1tico que venimos desarrollando para fortalecer el ecosistema productivo de Tarapac\u00e1. La posibilidad de compartir estas lecciones con Zafranal en Per\u00fa, no solo abre espacios de colaboraci\u00f3n internacional, sino que tambi\u00e9n reafirma que una estrategia bien articulada de encadenamiento local puede convertirse en modelo exportable, con impacto directo en la generaci\u00f3n de empleo, capacidades y oportunidades para las empresas locales.\u201d<\/p>\n\n\n\n<p align=\"justify\">RedProNorte.cl es una iniciativa generada por Teck y administrada por la Asociaci\u00f3n de Industriales de Iquique y el Tamarugal que tiene por objetivo facilitar la b\u00fasqueda de empresas locales y visibilizar la oferta de materiales y servicios en la regi\u00f3n, potenciando la participaci\u00f3n en la cadena de suministros del sector minero y sus rubros asociados, como log\u00edstica, construcci\u00f3n, comercio y servicios industriales, encontrando en un solo lugar a los proveedores que cuenten con casa matriz en Tarapac\u00e1. A la fecha, hay m\u00e1s de 750 empresas que son parte del portal.<\/p>\n\n\n<div class=\"wp-block-image\">\n<figure class=\"aligncenter size-full is-resized\"><img loading=\"lazy\" decoding=\"async\" width=\"2560\" height=\"1153\" src=\"https:\/\/redpronorte.cl\/sitio\/wp-content\/uploads\/2025\/07\/RPN-PERU-2-scaled.jpeg\" alt=\"\" class=\"wp-image-611\" style=\"width:840px;height:auto\" srcset=\"https:\/\/redpronorte.cl\/sitio\/wp-content\/uploads\/2025\/07\/RPN-PERU-2-scaled.jpeg 2560w, https:\/\/redpronorte.cl\/sitio\/wp-content\/uploads\/2025\/07\/RPN-PERU-2-300x135.jpeg 300w, https:\/\/redpronorte.cl\/sitio\/wp-content\/uploads\/2025\/07\/RPN-PERU-2-1024x461.jpeg 1024w, https:\/\/redpronorte.cl\/sitio\/wp-content\/uploads\/2025\/07\/RPN-PERU-2-768x346.jpeg 768w, https:\/\/redpronorte.cl\/sitio\/wp-content\/uploads\/2025\/07\/RPN-PERU-2-1536x692.jpeg 1536w, https:\/\/redpronorte.cl\/sitio\/wp-content\/uploads\/2025\/07\/RPN-PERU-2-2048x922.jpeg 2048w\" sizes=\"auto, (max-width: 2560px) 100vw, 2560px\" \/><\/figure>\n<\/div>\n\n\n<div style=\"height:0px\" aria-hidden=\"true\" class=\"wp-block-spacer\"><\/div>\n\n\n\n<p><\/p>\n","protected":false},"excerpt":{"rendered":"<p>La Asociaci\u00f3n de Industriales de Iquique y el Tamarugal (AII), junto a Teck Quebrada Blanca sostuvieron una reuni\u00f3n con los representantes de la faena minera Zafranal, nuevo proyecto de Teck en Per\u00fa, para darles a conocer la experiencia del Programa de Desarrollo de Proveedores Locales QB2, as\u00ed como tambi\u00e9n el trabajo que est\u00e1 realizando con&hellip;<\/p>\n","protected":false},"author":3,"featured_media":609,"comment_status":"closed","ping_status":"closed","sticky":false,"template":"","format":"standard","meta":{"footnotes":""},"categories":[4],"tags":[],"post_series":[],"class_list":["post-608","post","type-post","status-publish","format-standard","has-post-thumbnail","hentry","category-noticias","entry","has-media"],"_links":{"self":[{"href":"https:\/\/redpronorte.cl\/sitio\/wp-json\/wp\/v2\/posts\/608","targetHints":{"allow":["GET"]}}],"collection":[{"href":"https:\/\/redpronorte.cl\/sitio\/wp-json\/wp\/v2\/posts"}],"about":[{"href":"https:\/\/redpronorte.cl\/sitio\/wp-json\/wp\/v2\/types\/post"}],"author":[{"embeddable":true,"href":"https:\/\/redpronorte.cl\/sitio\/wp-json\/wp\/v2\/users\/3"}],"replies":[{"embeddable":true,"href":"https:\/\/redpronorte.cl\/sitio\/wp-json\/wp\/v2\/comments?post=608"}],"version-history":[{"count":4,"href":"https:\/\/redpronorte.cl\/sitio\/wp-json\/wp\/v2\/posts\/608\/revisions"}],"predecessor-version":[{"id":627,"href":"https:\/\/redpronorte.cl\/sitio\/wp-json\/wp\/v2\/posts\/608\/revisions\/627"}],"wp:featuredmedia":[{"embeddable":true,"href":"https:\/\/redpronorte.cl\/sitio\/wp-json\/wp\/v2\/media\/609"}],"wp:attachment":[{"href":"https:\/\/redpronorte.cl\/sitio\/wp-json\/wp\/v2\/media?parent=608"}],"wp:term":[{"taxonomy":"category","embeddable":true,"href":"https:\/\/redpronorte.cl\/sitio\/wp-json\/wp\/v2\/categories?post=608"},{"taxonomy":"post_tag","embeddable":true,"href":"https:\/\/redpronorte.cl\/sitio\/wp-json\/wp\/v2\/tags?post=608"},{"taxonomy":"post_series","embeddable":true,"href":"https:\/\/redpronorte.cl\/sitio\/wp-json\/wp\/v2\/post_series?post=608"}],"curies":[{"name":"wp","href":"https:\/\/api.w.org\/{rel}","templated":true}]}}