{"id":600,"date":"2025-07-28T13:27:18","date_gmt":"2025-07-28T17:27:18","guid":{"rendered":"https:\/\/redpronorte.cl\/sitio\/?p=600"},"modified":"2025-07-28T13:36:34","modified_gmt":"2025-07-28T17:36:34","slug":"primera-jornada-de-vinculacion-empresarial-de-red-pro-norte-impulsa-innovacion-con-proposito-en-tarapaca","status":"publish","type":"post","link":"https:\/\/redpronorte.cl\/sitio\/primera-jornada-de-vinculacion-empresarial-de-red-pro-norte-impulsa-innovacion-con-proposito-en-tarapaca\/","title":{"rendered":"Primera Jornada de Vinculaci\u00f3n Empresarial de Red Pro Norte impulsa innovaci\u00f3n con prop\u00f3sito en Tarapac\u00e1"},"content":{"rendered":"\n<p class=\"justify\"><\/p>\n\n\n\n<h3><p align=\"justify\">Con una destacada convocatoria en el Sal\u00f3n Santa Laura del Hotel Gavina, se llev\u00f3 a cabo la Primera Jornada de Vinculaci\u00f3n de Proveedores Locales de Red Pro Norte 2025, una iniciativa de la Asociaci\u00f3n de Industriales de Iquique y el Tamarugal (AII) en colaboraci\u00f3n con Teck Quebrada Blanca, que reuni\u00f3 a empresas, l\u00edderes del ecosistema productivo regional y representantes del sector minero.<\/p><\/h3>\n\n\n\n<p align=\"justify\">La actividad tuvo como eje central promover el valor de las empresas con prop\u00f3sito, aquellas que no solo buscan rentabilidad, sino que integran la sostenibilidad y el impacto social en su modelo de negocios. Adem\u00e1s, se abordaron los desaf\u00edos de captar talento joven con visi\u00f3n sostenible y de fomentar redes colaborativas que aceleren el cambio cultural en las organizaciones.<\/p>\n\n\n\n<p align=\"justify\">Durante la apertura, el gerente general de la AII, Marcos G\u00f3mez, destac\u00f3 la importancia de esta instancia para articular esfuerzos entre la gran miner\u00eda y los proveedores locales.<\/p>\n\n\n\n<p align=\"justify\">\u201dRed Pro Norte no es solo una plataforma digital. Es una herramienta concreta de transformaci\u00f3n. Es un puente entre las grandes industrias y las empresas locales. Es una apuesta por el desarrollo productivo con identidad territorial. Hoy nos convoca una causa com\u00fan: fortalecer el ecosistema de proveedores de la Regi\u00f3n de Tarapac\u00e1, visibilizando sus capacidades, conect\u00e1ndolos con nuevas oportunidades, y situ\u00e1ndolos como actores clave dentro de la cadena de valor de la gran miner\u00eda y sectores asociados\u201d, se\u00f1al\u00f3.<\/p>\n\n\n<div class=\"wp-block-image\">\n<figure class=\"aligncenter size-full is-resized\"><img loading=\"lazy\" decoding=\"async\" width=\"2560\" height=\"1707\" src=\"https:\/\/redpronorte.cl\/sitio\/wp-content\/uploads\/2025\/07\/JB24062025-002-scaled.jpg\" alt=\"\" class=\"wp-image-616\" style=\"width:840px;height:auto\" srcset=\"https:\/\/redpronorte.cl\/sitio\/wp-content\/uploads\/2025\/07\/JB24062025-002-scaled.jpg 2560w, https:\/\/redpronorte.cl\/sitio\/wp-content\/uploads\/2025\/07\/JB24062025-002-300x200.jpg 300w, https:\/\/redpronorte.cl\/sitio\/wp-content\/uploads\/2025\/07\/JB24062025-002-1024x683.jpg 1024w, https:\/\/redpronorte.cl\/sitio\/wp-content\/uploads\/2025\/07\/JB24062025-002-768x512.jpg 768w, https:\/\/redpronorte.cl\/sitio\/wp-content\/uploads\/2025\/07\/JB24062025-002-1536x1024.jpg 1536w, https:\/\/redpronorte.cl\/sitio\/wp-content\/uploads\/2025\/07\/JB24062025-002-2048x1365.jpg 2048w\" sizes=\"auto, (max-width: 2560px) 100vw, 2560px\" \/><\/figure>\n<\/div>\n\n\n<br><p align=\"justify\">Por su parte, Makarena Aguiluz, L\u00edder de Proveedores Locales de Teck, manifest\u00f3 que \u201cen Teck estamos firmemente comprometidos con el desarrollo integral de los proveedores locales. Creemos profundamente en las capacidades que residen en nuestra propia regi\u00f3n de Tarapac\u00e1. Por eso, nuestra estrategia se enfoca activamente en el fomento y desarrollo de las empresas de la zona, reconoci\u00e9ndolas como un pilar fundamental para el crecimiento econ\u00f3mico y social de nuestra regi\u00f3n\u201d.<\/p>\n\n\n<div class=\"wp-block-image\">\n<figure class=\"aligncenter size-full is-resized\"><img loading=\"lazy\" decoding=\"async\" width=\"2560\" height=\"1706\" src=\"https:\/\/redpronorte.cl\/sitio\/wp-content\/uploads\/2025\/07\/JB24062025-004-scaled.jpg\" alt=\"\" class=\"wp-image-617\" style=\"width:840px;height:auto\" srcset=\"https:\/\/redpronorte.cl\/sitio\/wp-content\/uploads\/2025\/07\/JB24062025-004-scaled.jpg 2560w, https:\/\/redpronorte.cl\/sitio\/wp-content\/uploads\/2025\/07\/JB24062025-004-300x200.jpg 300w, https:\/\/redpronorte.cl\/sitio\/wp-content\/uploads\/2025\/07\/JB24062025-004-1024x683.jpg 1024w, https:\/\/redpronorte.cl\/sitio\/wp-content\/uploads\/2025\/07\/JB24062025-004-768x512.jpg 768w, https:\/\/redpronorte.cl\/sitio\/wp-content\/uploads\/2025\/07\/JB24062025-004-1536x1024.jpg 1536w, https:\/\/redpronorte.cl\/sitio\/wp-content\/uploads\/2025\/07\/JB24062025-004-2048x1365.jpg 2048w\" sizes=\"auto, (max-width: 2560px) 100vw, 2560px\" \/><\/figure>\n<\/div>\n\n\n<br><p align=\"justify\">\u201cSabemos que existen grandes oportunidades para fortalecer y optimizar nuestra cadena de valor. Al integrar m\u00e1s empresas locales, generamos beneficios mutuos y sostenibles: para nuestras operaciones, que se benefician de la agilidad y el conocimiento del entorno; y para las empresas locales, que pueden ampliar significativamente sus horizontes de negocio, acceder a nuevas oportunidades y potenciar su crecimiento y competitividad. Es una inversi\u00f3n conjunta en el futuro de Tarapac\u00e1\u201d, indic\u00f3 Aguiluz.<\/p>\n\n\n\n<p align=\"justify\">El evento cont\u00f3 con la inspiradora charla de Nicol\u00e1s Morales, emprendedor social, cofundador de iniciativas como Yourney y Trabajo con Sentido, y reconocido por organismos internacionales como el World Economic Forum y la Embajada de Estados Unidos. Su presentaci\u00f3n gir\u00f3 en torno al liderazgo consciente, la innovaci\u00f3n con impacto y la necesidad de repensar los modelos organizacionales tradicionales.<\/p>\n\n\n\n<p align=\"justify\">\u201cHoy conversamos sobre prop\u00f3sito, estrategia, c\u00f3mo lograr generar una comunidad activa de empresarios, de proveedores. Fue una instancia de conexi\u00f3n personal, de abrir conversaciones que normalmente no se tienen, lo que permite romper paradigmas. Esto permiti\u00f3 que los proveedores vieron este tema como algo real, una propuesta de valor, una estrategia, una forma de hacer negocios que va a permitir que sus propias empresas sigan creciendo y desarroll\u00e1ndose en el tiempo\u201d, indic\u00f3 Morales.<\/p>\n\n\n\n<p align=\"justify\">Juan Andr\u00e9s Z\u00fa\u00f1iga, de la empresa Norvial, indic\u00f3 que \u201cla actividad permiti\u00f3 abordar las relaciones interpersonales dentro de nuestra empresa. C\u00f3mo aunar equipo y funcionar bien como l\u00edderes y no como jefe\u201d.<\/p>\n\n\n\n<p align=\"justify\">Lishy Cort\u00e9s, de la empresa Hintek, manifest\u00f3 que \u201cfue muy motivacional, sobre todo para quienes somos jefes de \u00e1rea, enfocarnos en el tema socioecon\u00f3mico y humanos de nuestras empresas\u201d.<\/p>\n\n\n\n<p align=\"justify\">Esta jornada fue parte de las actividades de Red Pro Norte, un portal regional que permite a las grandes empresas mineras y de otros rubros (como construcci\u00f3n, transporte, comercio y pesca) identificar proveedores locales confiables, gracias a un sistema de validaci\u00f3n gestionado por la AII.<\/p>\n\n\n<div class=\"wp-block-image\">\n<figure class=\"aligncenter size-full is-resized\"><img loading=\"lazy\" decoding=\"async\" width=\"2560\" height=\"1707\" src=\"https:\/\/redpronorte.cl\/sitio\/wp-content\/uploads\/2025\/07\/JB24062025-029-scaled.jpg\" alt=\"\" class=\"wp-image-618\" style=\"width:840px;height:auto\" srcset=\"https:\/\/redpronorte.cl\/sitio\/wp-content\/uploads\/2025\/07\/JB24062025-029-scaled.jpg 2560w, https:\/\/redpronorte.cl\/sitio\/wp-content\/uploads\/2025\/07\/JB24062025-029-300x200.jpg 300w, https:\/\/redpronorte.cl\/sitio\/wp-content\/uploads\/2025\/07\/JB24062025-029-1024x683.jpg 1024w, https:\/\/redpronorte.cl\/sitio\/wp-content\/uploads\/2025\/07\/JB24062025-029-768x512.jpg 768w, https:\/\/redpronorte.cl\/sitio\/wp-content\/uploads\/2025\/07\/JB24062025-029-1536x1024.jpg 1536w, https:\/\/redpronorte.cl\/sitio\/wp-content\/uploads\/2025\/07\/JB24062025-029-2048x1365.jpg 2048w\" sizes=\"auto, (max-width: 2560px) 100vw, 2560px\" \/><\/figure>\n<\/div>\n\n\n<div style=\"height:0px\" aria-hidden=\"true\" class=\"wp-block-spacer\"><\/div>\n\n\n\n<p><\/p>\n","protected":false},"excerpt":{"rendered":"<p>Con una destacada convocatoria en el Sal\u00f3n Santa Laura del Hotel Gavina, se llev\u00f3 a cabo la Primera Jornada de Vinculaci\u00f3n de Proveedores Locales de Red Pro Norte 2025, una iniciativa de la Asociaci\u00f3n de Industriales de Iquique y el Tamarugal (AII) en colaboraci\u00f3n con Teck Quebrada Blanca, que reuni\u00f3 a empresas, l\u00edderes del ecosistema&hellip;<\/p>\n","protected":false},"author":3,"featured_media":615,"comment_status":"closed","ping_status":"closed","sticky":false,"template":"","format":"standard","meta":{"footnotes":""},"categories":[4],"tags":[],"post_series":[],"class_list":["post-600","post","type-post","status-publish","format-standard","has-post-thumbnail","hentry","category-noticias","entry","has-media"],"_links":{"self":[{"href":"https:\/\/redpronorte.cl\/sitio\/wp-json\/wp\/v2\/posts\/600","targetHints":{"allow":["GET"]}}],"collection":[{"href":"https:\/\/redpronorte.cl\/sitio\/wp-json\/wp\/v2\/posts"}],"about":[{"href":"https:\/\/redpronorte.cl\/sitio\/wp-json\/wp\/v2\/types\/post"}],"author":[{"embeddable":true,"href":"https:\/\/redpronorte.cl\/sitio\/wp-json\/wp\/v2\/users\/3"}],"replies":[{"embeddable":true,"href":"https:\/\/redpronorte.cl\/sitio\/wp-json\/wp\/v2\/comments?post=600"}],"version-history":[{"count":11,"href":"https:\/\/redpronorte.cl\/sitio\/wp-json\/wp\/v2\/posts\/600\/revisions"}],"predecessor-version":[{"id":625,"href":"https:\/\/redpronorte.cl\/sitio\/wp-json\/wp\/v2\/posts\/600\/revisions\/625"}],"wp:featuredmedia":[{"embeddable":true,"href":"https:\/\/redpronorte.cl\/sitio\/wp-json\/wp\/v2\/media\/615"}],"wp:attachment":[{"href":"https:\/\/redpronorte.cl\/sitio\/wp-json\/wp\/v2\/media?parent=600"}],"wp:term":[{"taxonomy":"category","embeddable":true,"href":"https:\/\/redpronorte.cl\/sitio\/wp-json\/wp\/v2\/categories?post=600"},{"taxonomy":"post_tag","embeddable":true,"href":"https:\/\/redpronorte.cl\/sitio\/wp-json\/wp\/v2\/tags?post=600"},{"taxonomy":"post_series","embeddable":true,"href":"https:\/\/redpronorte.cl\/sitio\/wp-json\/wp\/v2\/post_series?post=600"}],"curies":[{"name":"wp","href":"https:\/\/api.w.org\/{rel}","templated":true}]}}