{"id":568,"date":"2024-11-08T05:24:01","date_gmt":"2024-11-08T08:24:01","guid":{"rendered":"https:\/\/redpronorte.cl\/sitio\/?p=568"},"modified":"2024-11-18T05:37:48","modified_gmt":"2024-11-18T08:37:48","slug":"proveedores-locales-recibieron-herramientas-sobre-aceleracion-de-ventas","status":"publish","type":"post","link":"https:\/\/redpronorte.cl\/sitio\/proveedores-locales-recibieron-herramientas-sobre-aceleracion-de-ventas\/","title":{"rendered":"Proveedores locales recibieron herramientas sobre aceleraci\u00f3n de ventas"},"content":{"rendered":"\n<p class=\"justify\"><\/p>\n\n\n\n<h3><p align=\"justify\">Identificar las brechas y oportunidad de crecimiento, el desarrollo de una mentalidad de crecimiento para l\u00edderes, el desbloquear creencias limitantes en el liderazgo estrat\u00e9gico, c\u00f3mo establecer una visi\u00f3n estrat\u00e9gica y tomar decisiones efectivas, fueron algunos de los temas abordados en la cuarta Jornada de Vinculaci\u00f3n de Proveedores, iniciativa enmarcada dentro del Portal Red Pro Norte, desarrollado por la Asociaci\u00f3n de Industriales de Iquique y el Tamarugal (AII), en conjunto con Teck Quebrada Blanca.<\/p><\/h3>\n\n\n\n<p align=\"justify\">Jos\u00e9 Aguilera, gerente del \u00c1rea de Proyectos y Desarrollo Empresarial de la AII, se\u00f1al\u00f3 que \u201cen un mercado tan din\u00e1mico y competitivo, la capacidad de una empresa para adaptarse, innovar y optimizar sus procesos de ventas puede marcar la diferencia entre el \u00e9xito y la supervivencia. La aceleraci\u00f3n de ventas no es solo vender m\u00e1s r\u00e1pido, sino hacerlo de manera m\u00e1s efectiva, enfoc\u00e1ndonos en estrategias y herramientas que maximizan el valor entregado a nuestros clientes y optimizan cada paso del proceso comercial\u201d.\n<br><br>\nPor su parte, la l\u00edder de Proveedores Locales de Teck Quebrada Blanca, Makarena Aguiluz, indic\u00f3 que \u201cdespu\u00e9s de impulsar la creaci\u00f3n de una red de proveedores regionales que cuentan con una plataforma digital para darse a conocer, es muy importante acompa\u00f1ar este proceso de posicionamiento de estas empresas, ofreci\u00e9ndoles m\u00e1s y mejores herramientas para aumentar su competitividad. Esto significar\u00e1 aumentar sus oportunidades de negocio y en general potenciar\u00e1 la oferta de los proveedores de Tarapac\u00e1\u201d.\n<\/p>\n\n\n\n<figure class=\"wp-block-image size-large\"><img loading=\"lazy\" decoding=\"async\" width=\"1024\" height=\"683\" src=\"https:\/\/redpronorte.cl\/sitio\/wp-content\/uploads\/2024\/11\/Foto26-1024x683.jpg\" alt=\"\" class=\"wp-image-571\" style=\"object-fit:cover\" srcset=\"https:\/\/redpronorte.cl\/sitio\/wp-content\/uploads\/2024\/11\/Foto26-1024x683.jpg 1024w, https:\/\/redpronorte.cl\/sitio\/wp-content\/uploads\/2024\/11\/Foto26-300x200.jpg 300w, https:\/\/redpronorte.cl\/sitio\/wp-content\/uploads\/2024\/11\/Foto26-768x512.jpg 768w, https:\/\/redpronorte.cl\/sitio\/wp-content\/uploads\/2024\/11\/Foto26-1536x1024.jpg 1536w, https:\/\/redpronorte.cl\/sitio\/wp-content\/uploads\/2024\/11\/Foto26-2048x1365.jpg 2048w\" sizes=\"auto, (max-width: 1024px) 100vw, 1024px\" \/><\/figure>\n\n\n\n<br><br>\n<h3>Karen Montalva<\/h3>\n<p align=\"justify\">\nLa actividad cont\u00f3 con la participaci\u00f3n de la destacada conferencista internacional Karen Montalva, autora del modelo y libro #YOVENDO y de su reciente libro SOY MONARKA.\n<br><br>\nMontalva manifest\u00f3 que \u201cdurante la jornada pudimos abordar los dos momentos m\u00e1s importantes de todo vendedor, empresario, profesional que tiene su propio negocio: la prospecci\u00f3n de nuevos clientes y la conversaci\u00f3n con el cliente. En el momento de la prospecci\u00f3n, debemos entender que hoy d\u00eda nuestro cliente est\u00e1 totalmente colapsado de muchos est\u00edmulos, de muchas ofertas, de muchos otros competidores, y nosotros tenemos que ser capaces de captar, a trav\u00e9s de nuestra palabra, la atenci\u00f3n de \u00e9l, fomentar su curiosidad para luego tener su atenci\u00f3n e iniciar una primera conversaci\u00f3n, y para eso se necesita cambiar un poco lo que entendemos por ventas\u201d.\n<br><br>\n\u201cEn el caso de la conversaci\u00f3n con el cliente, es necesario comprender un nuevo paradigma respecto de las conversaciones. Cuando \u00e9ramos ni\u00f1os nos ense\u00f1aron a hablar, escribir, leer, pero nadie nos ense\u00f1\u00f3 a conversar. Hay mucha evidencia cient\u00edfica respecto de la conversaci\u00f3n inteligente, c\u00f3mo sostenemos conversaciones inteligentes, y hoy entregamos numerosas herramientas para este cometido. Es muy importante que los empresarios, emprendedores, manejen y dominen estas herramientas, ya que hacemos negocios con personas, a pesar de las tecnolog\u00edas, los negocios se cierran entre personas, entonces en la medida que nosotros adquirimos, practicamos y hacemos propias estas herramientas, tenemos m\u00e1s posibilidades de ganar nuevos clientes y mantener los que ya tenemos\u201d, indic\u00f3 Montalva.\n<\/p>\n\n\n\n<figure class=\"wp-block-image size-large is-resized\"><img loading=\"lazy\" decoding=\"async\" width=\"1024\" height=\"683\" src=\"https:\/\/redpronorte.cl\/sitio\/wp-content\/uploads\/2024\/11\/Foto16-1024x683.jpg\" alt=\"\" class=\"wp-image-572\" style=\"object-fit:cover;width:1920px;height:863px\" srcset=\"https:\/\/redpronorte.cl\/sitio\/wp-content\/uploads\/2024\/11\/Foto16-1024x683.jpg 1024w, https:\/\/redpronorte.cl\/sitio\/wp-content\/uploads\/2024\/11\/Foto16-300x200.jpg 300w, https:\/\/redpronorte.cl\/sitio\/wp-content\/uploads\/2024\/11\/Foto16-768x512.jpg 768w, https:\/\/redpronorte.cl\/sitio\/wp-content\/uploads\/2024\/11\/Foto16-1536x1024.jpg 1536w, https:\/\/redpronorte.cl\/sitio\/wp-content\/uploads\/2024\/11\/Foto16-2048x1365.jpg 2048w\" sizes=\"auto, (max-width: 1024px) 100vw, 1024px\" \/><\/figure>\n\n\n\n<br><br>\n<h3>Caso de \u00c9xito<\/h3>\n<p align=\"justify\">\nEl encuentro cont\u00f3 con la presentaci\u00f3n de Pamela Gaete, gerenta de la empresa VPS, quien habl\u00f3 del trabajo que han venido realizando a lo largo de los a\u00f1os y como llegaron a ser proveedores la miner\u00eda.\n<br><br>\n\u201cEsta presentaci\u00f3n fue pensada y hecha para las personas que, al igual que yo, han creado una empresa o bien est\u00e1n pensando en hacerlo. El conocer que hay dificultades, pero que de estas se aprende para ser mucho mejor, es algo muy importante. El poder ser mejor persona y mejor empresario gracias a esto, te permite tener un equipo de trabajo comprometido y aut\u00f3nomo\u201d, se\u00f1al\u00f3 Gaete.\n<br><br>\n<h3>Proveedores Locales<\/h3>\nYesenia Barraza, gerenta de Maxtra Servicios e Ingenier\u00eda, manifest\u00f3 que \u201cla expositora fue super clara y concisa con los interese en pro de la negociaci\u00f3n, captar y mantener al cliente, algo que hoy en d\u00eda potencia lo que es la negociaci\u00f3n. Capto mucho mi atenci\u00f3n con los distintos conceptos, tem\u00e1ticas, por lo que me voy feliz con lo aprendido\u201d.\n<br><br>\nFabi\u00e1n Lagos, de empresa de Transportes HyD, indic\u00f3 que \u201cla comunicaci\u00f3n efectiva es una herramienta fundamental para poder mostrar y vender nuestros servicios y productos, por lo que las herramientas entregadas hoy por Karen, sin lugar a dudas que las pondremos en pr\u00e1ctica para ir mejorando\u201d.  \n<br><br>\n<h3>Red Pro Norte<\/h3>\nRed Pro Norte es un portal que busca visualizar a las empresas regionales, para su participaci\u00f3n en la cadena productiva de la gran miner\u00eda y asociados.\n<br><br>\nEl valor que aporta Red Pro Norte a las empresas de la gran miner\u00eda y otros rubros, es que respalda la experiencia que indican las empresas proveedoras, asegurando la validez de la informaci\u00f3n bajo un est\u00e1ndar minucioso de revisi\u00f3n de antecedentes por el equipo de la AII.\n<br><br>\nActualmente, este portal cuenta con m\u00e1s de 700 empresas proveedoras de la regi\u00f3n de Tarapac\u00e1.\n<\/p>\n\n\n\n<div style=\"height:30px\" aria-hidden=\"true\" class=\"wp-block-spacer\"><\/div>\n\n\n\n<p><\/p>\n","protected":false},"excerpt":{"rendered":"<p>Identificar las brechas y oportunidad de crecimiento, el desarrollo de una mentalidad de crecimiento para l\u00edderes, el desbloquear creencias limitantes en el liderazgo estrat\u00e9gico, c\u00f3mo establecer una visi\u00f3n estrat\u00e9gica y tomar decisiones efectivas, fueron algunos de los temas abordados en la cuarta Jornada de Vinculaci\u00f3n de Proveedores, iniciativa enmarcada dentro del Portal Red Pro Norte,&hellip;<\/p>\n","protected":false},"author":3,"featured_media":570,"comment_status":"closed","ping_status":"closed","sticky":false,"template":"","format":"standard","meta":{"footnotes":""},"categories":[4],"tags":[],"post_series":[],"class_list":["post-568","post","type-post","status-publish","format-standard","has-post-thumbnail","hentry","category-noticias","entry","has-media"],"_links":{"self":[{"href":"https:\/\/redpronorte.cl\/sitio\/wp-json\/wp\/v2\/posts\/568","targetHints":{"allow":["GET"]}}],"collection":[{"href":"https:\/\/redpronorte.cl\/sitio\/wp-json\/wp\/v2\/posts"}],"about":[{"href":"https:\/\/redpronorte.cl\/sitio\/wp-json\/wp\/v2\/types\/post"}],"author":[{"embeddable":true,"href":"https:\/\/redpronorte.cl\/sitio\/wp-json\/wp\/v2\/users\/3"}],"replies":[{"embeddable":true,"href":"https:\/\/redpronorte.cl\/sitio\/wp-json\/wp\/v2\/comments?post=568"}],"version-history":[{"count":3,"href":"https:\/\/redpronorte.cl\/sitio\/wp-json\/wp\/v2\/posts\/568\/revisions"}],"predecessor-version":[{"id":574,"href":"https:\/\/redpronorte.cl\/sitio\/wp-json\/wp\/v2\/posts\/568\/revisions\/574"}],"wp:featuredmedia":[{"embeddable":true,"href":"https:\/\/redpronorte.cl\/sitio\/wp-json\/wp\/v2\/media\/570"}],"wp:attachment":[{"href":"https:\/\/redpronorte.cl\/sitio\/wp-json\/wp\/v2\/media?parent=568"}],"wp:term":[{"taxonomy":"category","embeddable":true,"href":"https:\/\/redpronorte.cl\/sitio\/wp-json\/wp\/v2\/categories?post=568"},{"taxonomy":"post_tag","embeddable":true,"href":"https:\/\/redpronorte.cl\/sitio\/wp-json\/wp\/v2\/tags?post=568"},{"taxonomy":"post_series","embeddable":true,"href":"https:\/\/redpronorte.cl\/sitio\/wp-json\/wp\/v2\/post_series?post=568"}],"curies":[{"name":"wp","href":"https:\/\/api.w.org\/{rel}","templated":true}]}}