{"id":562,"date":"2024-11-05T05:21:32","date_gmt":"2024-11-05T08:21:32","guid":{"rendered":"https:\/\/redpronorte.cl\/sitio\/?p=562"},"modified":"2024-11-18T05:23:00","modified_gmt":"2024-11-18T08:23:00","slug":"aii-y-teck-realizan-taller-de-negociacion-en-el-marco-de-red-pro-norte","status":"publish","type":"post","link":"https:\/\/redpronorte.cl\/sitio\/aii-y-teck-realizan-taller-de-negociacion-en-el-marco-de-red-pro-norte\/","title":{"rendered":"AII y Teck realizan taller de negociaci\u00f3n en el marco de Red Pro Norte"},"content":{"rendered":"\n<p class=\"justify\"><\/p>\n\n\n\n<h3><p>Empresas regionales participaron de un Taller sobre Negociaci\u00f3n, organizado por la Asociaci\u00f3n de Industriales de Iquique y el Tamarugal (AII) en conjunto con Teck Quebrada Blanca, y el cual fue dictado por Francisco Pereira, creador de Negociar, la primera consultora especialista en negociaci\u00f3n de Latinoam\u00e9rica.<\/p><\/h3>\n\n\n\n<p>La actividad se enmarc\u00f3 dentro de la iniciativa \u201cRed Pro Norte\u201d, portal de proveedores de la Regi\u00f3n de Tarapac\u00e1 que facilita la b\u00fasqueda de empresas locales, potenciando su participaci\u00f3n en la cadena de suministro del sector minero y sus rubros asociados, como comercio, construcci\u00f3n, pesca, transporte y servicios industriales.\n<br><br>\n\u201cEn este taller abordamos c\u00f3mo los proveedores de la miner\u00eda se tienen que enfrentar a negociar con los grandes de la industria minera. En general, entregan un gran valor a la industria, pero no lo saben, por lo que siempre se sienten m\u00e1s peque\u00f1os. Lo importante es confiar y tener claridad del valor agregado que entregas en una negociaci\u00f3n, porque si no lo tienes claro, tu poder de negociaci\u00f3n es muy poco\u201d, se\u00f1al\u00f3 Pereira.\n<br><br>\nJos\u00e9 Aguilera, gerente del \u00c1rea de Proyectos de la Asociaci\u00f3n de Industriales de Iquique y el Tamarugal, indic\u00f3 que \u201cla negociaci\u00f3n y resoluci\u00f3n de conflictos no son simplemente habilidades deseables; son esenciales para la salud y el crecimiento de una organizaci\u00f3n, ya que mejoran el ambiente laboral, fomenta la innovaci\u00f3n y la creatividad, y fortalece las relaciones externas. Como gremio creemos que es fundamental que las empresas regionales, los proveedores locales, puedan comprender mejor el proceso de negociaci\u00f3n, conocer t\u00e9cnicas y estrategias efectivas, que les permita afrontar de mejor forma su relaci\u00f3n con el cliente\u201d. <\/p>\n\n\n\n<figure class=\"wp-block-image size-large is-resized\"><img loading=\"lazy\" decoding=\"async\" width=\"1024\" height=\"768\" src=\"https:\/\/redpronorte.cl\/sitio\/wp-content\/uploads\/2024\/11\/TallerNegociacion_04-1024x768.jpeg\" alt=\"\" class=\"wp-image-564\" style=\"object-fit:cover;width:1920px;height:863px\" srcset=\"https:\/\/redpronorte.cl\/sitio\/wp-content\/uploads\/2024\/11\/TallerNegociacion_04-1024x768.jpeg 1024w, https:\/\/redpronorte.cl\/sitio\/wp-content\/uploads\/2024\/11\/TallerNegociacion_04-300x225.jpeg 300w, https:\/\/redpronorte.cl\/sitio\/wp-content\/uploads\/2024\/11\/TallerNegociacion_04-768x576.jpeg 768w, https:\/\/redpronorte.cl\/sitio\/wp-content\/uploads\/2024\/11\/TallerNegociacion_04.jpeg 1280w\" sizes=\"auto, (max-width: 1024px) 100vw, 1024px\" \/><\/figure>\n\n\n\n<br><br>\n<h3>Red Pro Norte<\/h3>\n<p align=\"justify\">\nRed Pro Norte es un portal que busca visualizar a las empresas regionales, para su participaci\u00f3n en la cadena productiva de la gran miner\u00eda y asociados.\n<br><br>\nEl valor que aporta Red Pro Norte a las empresas de la gran miner\u00eda y otros rubros, es que respalda la experiencia que indican las empresas proveedoras, asegurando la validez de la informaci\u00f3n bajo un est\u00e1ndar minucioso de revisi\u00f3n de antecedentes por el equipo de la AII.\n<br><br>\nActualmente, este portal cuenta con m\u00e1s de 700 empresas proveedoras de la regi\u00f3n de Tarapac\u00e1.\n<\/p>\n\n\n\n<figure class=\"wp-block-image size-large is-resized\"><img loading=\"lazy\" decoding=\"async\" width=\"1024\" height=\"768\" src=\"https:\/\/redpronorte.cl\/sitio\/wp-content\/uploads\/2024\/11\/TallerNegociacion_08-1024x768.jpeg\" alt=\"\" class=\"wp-image-565\" style=\"object-fit:cover;width:1920px;height:863px\" srcset=\"https:\/\/redpronorte.cl\/sitio\/wp-content\/uploads\/2024\/11\/TallerNegociacion_08-1024x768.jpeg 1024w, https:\/\/redpronorte.cl\/sitio\/wp-content\/uploads\/2024\/11\/TallerNegociacion_08-300x225.jpeg 300w, https:\/\/redpronorte.cl\/sitio\/wp-content\/uploads\/2024\/11\/TallerNegociacion_08-768x576.jpeg 768w, https:\/\/redpronorte.cl\/sitio\/wp-content\/uploads\/2024\/11\/TallerNegociacion_08.jpeg 1280w\" sizes=\"auto, (max-width: 1024px) 100vw, 1024px\" \/><\/figure>\n\n\n\n\n\n<div style=\"height:30px\" aria-hidden=\"true\" class=\"wp-block-spacer\"><\/div>\n\n\n\n<p><\/p>\n","protected":false},"excerpt":{"rendered":"<p>Empresas regionales participaron de un Taller sobre Negociaci\u00f3n, organizado por la Asociaci\u00f3n de Industriales de Iquique y el Tamarugal (AII) en conjunto con Teck Quebrada Blanca, y el cual fue dictado por Francisco Pereira, creador de Negociar, la primera consultora especialista en negociaci\u00f3n de Latinoam\u00e9rica. La actividad se enmarc\u00f3 dentro de la iniciativa \u201cRed Pro&hellip;<\/p>\n","protected":false},"author":3,"featured_media":563,"comment_status":"closed","ping_status":"closed","sticky":false,"template":"","format":"standard","meta":{"footnotes":""},"categories":[4],"tags":[],"post_series":[],"class_list":["post-562","post","type-post","status-publish","format-standard","has-post-thumbnail","hentry","category-noticias","entry","has-media"],"_links":{"self":[{"href":"https:\/\/redpronorte.cl\/sitio\/wp-json\/wp\/v2\/posts\/562","targetHints":{"allow":["GET"]}}],"collection":[{"href":"https:\/\/redpronorte.cl\/sitio\/wp-json\/wp\/v2\/posts"}],"about":[{"href":"https:\/\/redpronorte.cl\/sitio\/wp-json\/wp\/v2\/types\/post"}],"author":[{"embeddable":true,"href":"https:\/\/redpronorte.cl\/sitio\/wp-json\/wp\/v2\/users\/3"}],"replies":[{"embeddable":true,"href":"https:\/\/redpronorte.cl\/sitio\/wp-json\/wp\/v2\/comments?post=562"}],"version-history":[{"count":2,"href":"https:\/\/redpronorte.cl\/sitio\/wp-json\/wp\/v2\/posts\/562\/revisions"}],"predecessor-version":[{"id":567,"href":"https:\/\/redpronorte.cl\/sitio\/wp-json\/wp\/v2\/posts\/562\/revisions\/567"}],"wp:featuredmedia":[{"embeddable":true,"href":"https:\/\/redpronorte.cl\/sitio\/wp-json\/wp\/v2\/media\/563"}],"wp:attachment":[{"href":"https:\/\/redpronorte.cl\/sitio\/wp-json\/wp\/v2\/media?parent=562"}],"wp:term":[{"taxonomy":"category","embeddable":true,"href":"https:\/\/redpronorte.cl\/sitio\/wp-json\/wp\/v2\/categories?post=562"},{"taxonomy":"post_tag","embeddable":true,"href":"https:\/\/redpronorte.cl\/sitio\/wp-json\/wp\/v2\/tags?post=562"},{"taxonomy":"post_series","embeddable":true,"href":"https:\/\/redpronorte.cl\/sitio\/wp-json\/wp\/v2\/post_series?post=562"}],"curies":[{"name":"wp","href":"https:\/\/api.w.org\/{rel}","templated":true}]}}