{"id":523,"date":"2024-10-07T12:18:57","date_gmt":"2024-10-07T15:18:57","guid":{"rendered":"https:\/\/redpronorte.cl\/sitio\/?p=523"},"modified":"2024-10-07T12:43:51","modified_gmt":"2024-10-07T15:43:51","slug":"jornada-de-trabajo-con-proveedores-locales-abordo-el-liderazgo-estrategico-y-el-maximizar-las-oportunidades","status":"publish","type":"post","link":"https:\/\/redpronorte.cl\/sitio\/jornada-de-trabajo-con-proveedores-locales-abordo-el-liderazgo-estrategico-y-el-maximizar-las-oportunidades\/","title":{"rendered":"Jornada de trabajo con proveedores locales abord\u00f3 el liderazgo estrat\u00e9gico y el maximizar las oportunidades"},"content":{"rendered":"\n<p class=\"justify\"><\/p>\n\n\n\n<h3><p>La actividad de Red Pro Norte cont\u00f3 con la participaci\u00f3n de la Fundadora de The Brain Coach, consultora de coaching estrat\u00e9gico y comunicaci\u00f3n organizacional para el desarrollo personal\/organizacional, Kim Brierley.<\/p><\/h3>\n\n\n\n<p>Proveedores(as) de la miner\u00eda participaron en la tercera \u201cJornada de Vinculaci\u00f3n Empresarial de Proveedores Locales\u201d, organizada por la Asociaci\u00f3n de Industriales de Iquique y el Tamarugal (AII) en conjunto con Teck Quebrada Blanca, y donde se abord\u00f3 el tema del liderazgo estrat\u00e9gico y el c\u00f3mo maximizar las oportunidades.\n<br><br>\nLa actividad se enmarc\u00f3 dentro de la iniciativa \u201cRed Pro Norte\u201d, portal de proveedores de la Regi\u00f3n de Tarapac\u00e1 que facilita la b\u00fasqueda de empresas locales, potenciando su participaci\u00f3n en la cadena de suministro del sector minero y sus rubros asociados, como comercio, construcci\u00f3n, pesca, transporte y servicios industriales.\n<br><br>\nMarcos G\u00f3mez, gerente general de la Asociaci\u00f3n de Industriales de Iquique y el Tamarugal (AII), se\u00f1al\u00f3 que \u201cel d\u00eda de hoy nos hemos enfocado en un aspecto fundamental que define el rumbo y el \u00e9xito de cualquier organizaci\u00f3n: el liderazgo estrat\u00e9gico. Este va m\u00e1s all\u00e1 de simplemente dirigir a un grupo de personas. Se trata de establecer una visi\u00f3n clara, de anticiparse a los cambios del entorno y de ser capaz de tomar decisiones informadas y valientes. Cuando todos en la organizaci\u00f3n comprenden y comparten esta visi\u00f3n, se fomenta un sentido de pertenencia y compromiso que es vital para el rendimiento y la innovaci\u00f3n. El liderazgo estrat\u00e9gico no es solo un atributo deseable, sino una necesidad en el entorno empresarial actual\u201d. <\/p>\n\n\n\n<figure class=\"wp-block-image size-large is-resized\"><img loading=\"lazy\" decoding=\"async\" width=\"1024\" height=\"683\" src=\"https:\/\/redpronorte.cl\/sitio\/wp-content\/uploads\/2024\/10\/IMG_2916-1-1024x683.jpg\" alt=\"\" class=\"wp-image-544\" style=\"object-fit:cover;width:1920px;height:863px\" srcset=\"https:\/\/redpronorte.cl\/sitio\/wp-content\/uploads\/2024\/10\/IMG_2916-1-1024x683.jpg 1024w, https:\/\/redpronorte.cl\/sitio\/wp-content\/uploads\/2024\/10\/IMG_2916-1-300x200.jpg 300w, https:\/\/redpronorte.cl\/sitio\/wp-content\/uploads\/2024\/10\/IMG_2916-1-768x512.jpg 768w, https:\/\/redpronorte.cl\/sitio\/wp-content\/uploads\/2024\/10\/IMG_2916-1-1536x1024.jpg 1536w, https:\/\/redpronorte.cl\/sitio\/wp-content\/uploads\/2024\/10\/IMG_2916-1.jpg 1920w\" sizes=\"auto, (max-width: 1024px) 100vw, 1024px\" \/><\/figure>\n\n\n\n<br><br>\n<p align=\"justify\">\nPor su parte, Makarena Aguiluz, L\u00edder de Proveedores Locales de Teck Quebrada Blanca, manifest\u00f3 que \u201ces esencial realizar actividades que permitan potenciar el liderazgo estrat\u00e9gico en las empresas de la regi\u00f3n, lo que facilita establecer una visi\u00f3n clara y decisiones efectivas. En Teck buscamos impulsar iniciativas que beneficien a las empresas locales.   \n<br><br>\nLa tercera jornada cont\u00f3 con la participaci\u00f3n de Kim Brierley, Fundadora de The Brain Coach, consultora de coaching estrat\u00e9gico y comunicaci\u00f3n organizacional para el desarrollo personal\/organizacional.\n<br><br>\n\u201cEl liderazgo estrat\u00e9gico es clave porque alinea la visi\u00f3n a largo plazo con la ejecuci\u00f3n diaria, permitiendo a la empresa adaptarse a cambios y anticiparse a oportunidades. Un l\u00edder estrat\u00e9gico comunica claramente los objetivos, fomenta la colaboraci\u00f3n y desarrolla el talento del equipo, asegurando un crecimiento sostenible y competitivo. En el taller abordamos la importancia de liderar estrat\u00e9gicamente, promover la mejora constante y maximizar las oportunidades de desarrollo entornos din\u00e1micos y complejos. La participaci\u00f3n del p\u00fablico fue tan activa y entusiasta que complementaron de manera importante, los contenidos que se presentaban, con testimonios y preguntas muy atingentes. Muchas gracias al p\u00fablico asistente por su alta participaci\u00f3n\u201d, indic\u00f3 Brierley.\n<\/p>\n\n\n\n<h3>Caso de \u00c9xito<\/h3>\n<p align=\"justify\">\nEl encuentro cont\u00f3 con la presentaci\u00f3n de Elvy Callejas, gerente de la empresa Inspecciones Chile, quien habl\u00f3 del trabajo que han venido realizando a lo largo de los a\u00f1os y como llegaron a ser proveedores la miner\u00eda.\n\n\u201cEs importante poder dar a conocer la experiencia que hemos tenido como proveedores del norte, y sobre todo poder apoyar a los empresarios que est\u00e1n reci\u00e9n partiendo, cont\u00e1ndoles nuestra experiencia en este rubro. Despu\u00e9s de mi presentaci\u00f3n, muchos representantes de otras empresas, se acercaron para conversar conmigo, pedirme los contactos para hacer alianzas estrat\u00e9gicas, y nosotros estamos abiertos a trabajar con ellos y generar esa vinculaci\u00f3n entre proveedores locales\u201d.\n<\/p>\n\n\n\n<figure class=\"wp-block-image size-full is-resized\"><img loading=\"lazy\" decoding=\"async\" width=\"1920\" height=\"1280\" src=\"https:\/\/redpronorte.cl\/sitio\/wp-content\/uploads\/2024\/10\/02-IMG_2951-2.jpg\" alt=\"\" class=\"wp-image-533\" style=\"object-fit:cover;width:1920px;height:863px\" srcset=\"https:\/\/redpronorte.cl\/sitio\/wp-content\/uploads\/2024\/10\/02-IMG_2951-2.jpg 1920w, https:\/\/redpronorte.cl\/sitio\/wp-content\/uploads\/2024\/10\/02-IMG_2951-2-300x200.jpg 300w, https:\/\/redpronorte.cl\/sitio\/wp-content\/uploads\/2024\/10\/02-IMG_2951-2-1024x683.jpg 1024w, https:\/\/redpronorte.cl\/sitio\/wp-content\/uploads\/2024\/10\/02-IMG_2951-2-768x512.jpg 768w, https:\/\/redpronorte.cl\/sitio\/wp-content\/uploads\/2024\/10\/02-IMG_2951-2-1536x1024.jpg 1536w\" sizes=\"auto, (max-width: 1920px) 100vw, 1920px\" \/><\/figure>\n\n\n\n<br><h3>Empresas<\/h3>\n<p align=\"justify\">\nMarl\u00e9n Osorio, de Ser Biointegral, indic\u00f3 que \u201csiempre es enriquecedor estar reafirmando contenidos que quiz\u00e1s uno ya maneja, no s\u00f3lo de la exposici\u00f3n, sino que tambi\u00e9n de la conversaci\u00f3n con nuestros pares. Muchas cosas de las que dijo la expositora me hacen mucho sentido, el c\u00f3mo las emociones pueden ser limitantes y saboteadores mentales para poder desarrollar una idea\u201d.\n\nJorge Alfaro, de Print Cut, se\u00f1al\u00f3 que \u201ctodas las problem\u00e1ticas que mencion\u00f3 la expositora, son las que nos afectan d\u00eda a d\u00eda, por lo que me parece excelente que nos pueda entregar herramientas y tips para poder enfrentarlos de mejor manera, haciendo m\u00e1s eficiente nuestra gesti\u00f3n\u201d.\n<\/p>\n\n\n\n<figure class=\"wp-block-image size-large is-resized\"><img loading=\"lazy\" decoding=\"async\" width=\"1024\" height=\"683\" src=\"https:\/\/redpronorte.cl\/sitio\/wp-content\/uploads\/2024\/10\/03-IMG_2940-2-1024x683.jpg\" alt=\"\" class=\"wp-image-534\" style=\"object-fit:cover;width:1920px;height:863px\" srcset=\"https:\/\/redpronorte.cl\/sitio\/wp-content\/uploads\/2024\/10\/03-IMG_2940-2-1024x683.jpg 1024w, https:\/\/redpronorte.cl\/sitio\/wp-content\/uploads\/2024\/10\/03-IMG_2940-2-300x200.jpg 300w, https:\/\/redpronorte.cl\/sitio\/wp-content\/uploads\/2024\/10\/03-IMG_2940-2-768x512.jpg 768w, https:\/\/redpronorte.cl\/sitio\/wp-content\/uploads\/2024\/10\/03-IMG_2940-2-1536x1024.jpg 1536w, https:\/\/redpronorte.cl\/sitio\/wp-content\/uploads\/2024\/10\/03-IMG_2940-2.jpg 1920w\" sizes=\"auto, (max-width: 1024px) 100vw, 1024px\" \/><\/figure>\n\n\n\n<br><h3><strong>Red Pro Norte<\/strong><\/h3>\n<p align=\"justify\">\nRed Pro Norte es un portal que busca visualizar a las empresas regionales, para su participaci\u00f3n en la cadena productiva de la gran miner\u00eda y asociados.\n\nEl valor que aporta Red Pro Norte a las empresas de la gran miner\u00eda y otros rubros, es que respalda la experiencia que indican las empresas proveedoras, asegurando la validez de la informaci\u00f3n bajo un est\u00e1ndar minucioso de revisi\u00f3n de antecedentes por el equipo de la AII.\n\nActualmente, este portal cuenta con 670 empresas proveedoras de la regi\u00f3n de Tarapac\u00e1.\n<\/p>\n\n\n\n<figure class=\"wp-block-image size-large is-resized\"><img loading=\"lazy\" decoding=\"async\" width=\"1024\" height=\"683\" src=\"https:\/\/redpronorte.cl\/sitio\/wp-content\/uploads\/2024\/10\/04-IMG_2980-2-1024x683.jpg\" alt=\"\" class=\"wp-image-535\" style=\"object-fit:cover;width:1920px;height:863px\" srcset=\"https:\/\/redpronorte.cl\/sitio\/wp-content\/uploads\/2024\/10\/04-IMG_2980-2-1024x683.jpg 1024w, https:\/\/redpronorte.cl\/sitio\/wp-content\/uploads\/2024\/10\/04-IMG_2980-2-300x200.jpg 300w, https:\/\/redpronorte.cl\/sitio\/wp-content\/uploads\/2024\/10\/04-IMG_2980-2-768x512.jpg 768w, https:\/\/redpronorte.cl\/sitio\/wp-content\/uploads\/2024\/10\/04-IMG_2980-2-1536x1024.jpg 1536w, https:\/\/redpronorte.cl\/sitio\/wp-content\/uploads\/2024\/10\/04-IMG_2980-2.jpg 1920w\" sizes=\"auto, (max-width: 1024px) 100vw, 1024px\" \/><\/figure>\n\n\n\n\n\n<div style=\"height:30px\" aria-hidden=\"true\" class=\"wp-block-spacer\"><\/div>\n\n\n\n<p><\/p>\n","protected":false},"excerpt":{"rendered":"<p>La actividad de Red Pro Norte cont\u00f3 con la participaci\u00f3n de la Fundadora de The Brain Coach, consultora de coaching estrat\u00e9gico y comunicaci\u00f3n organizacional para el desarrollo personal\/organizacional, Kim Brierley. Proveedores(as) de la miner\u00eda participaron en la tercera \u201cJornada de Vinculaci\u00f3n Empresarial de Proveedores Locales\u201d, organizada por la Asociaci\u00f3n de Industriales de Iquique y el&hellip;<\/p>\n","protected":false},"author":3,"featured_media":525,"comment_status":"closed","ping_status":"closed","sticky":false,"template":"","format":"standard","meta":{"footnotes":""},"categories":[4],"tags":[],"post_series":[],"class_list":["post-523","post","type-post","status-publish","format-standard","has-post-thumbnail","hentry","category-noticias","entry","has-media"],"_links":{"self":[{"href":"https:\/\/redpronorte.cl\/sitio\/wp-json\/wp\/v2\/posts\/523","targetHints":{"allow":["GET"]}}],"collection":[{"href":"https:\/\/redpronorte.cl\/sitio\/wp-json\/wp\/v2\/posts"}],"about":[{"href":"https:\/\/redpronorte.cl\/sitio\/wp-json\/wp\/v2\/types\/post"}],"author":[{"embeddable":true,"href":"https:\/\/redpronorte.cl\/sitio\/wp-json\/wp\/v2\/users\/3"}],"replies":[{"embeddable":true,"href":"https:\/\/redpronorte.cl\/sitio\/wp-json\/wp\/v2\/comments?post=523"}],"version-history":[{"count":23,"href":"https:\/\/redpronorte.cl\/sitio\/wp-json\/wp\/v2\/posts\/523\/revisions"}],"predecessor-version":[{"id":560,"href":"https:\/\/redpronorte.cl\/sitio\/wp-json\/wp\/v2\/posts\/523\/revisions\/560"}],"wp:featuredmedia":[{"embeddable":true,"href":"https:\/\/redpronorte.cl\/sitio\/wp-json\/wp\/v2\/media\/525"}],"wp:attachment":[{"href":"https:\/\/redpronorte.cl\/sitio\/wp-json\/wp\/v2\/media?parent=523"}],"wp:term":[{"taxonomy":"category","embeddable":true,"href":"https:\/\/redpronorte.cl\/sitio\/wp-json\/wp\/v2\/categories?post=523"},{"taxonomy":"post_tag","embeddable":true,"href":"https:\/\/redpronorte.cl\/sitio\/wp-json\/wp\/v2\/tags?post=523"},{"taxonomy":"post_series","embeddable":true,"href":"https:\/\/redpronorte.cl\/sitio\/wp-json\/wp\/v2\/post_series?post=523"}],"curies":[{"name":"wp","href":"https:\/\/api.w.org\/{rel}","templated":true}]}}