{"id":496,"date":"2024-09-06T11:12:42","date_gmt":"2024-09-06T15:12:42","guid":{"rendered":"https:\/\/redpronorte.cl\/sitio\/?p=496"},"modified":"2024-09-06T11:12:42","modified_gmt":"2024-09-06T15:12:42","slug":"segunda-jornada-de-vinculacion-empresarial-de-proveedores-locales-abordo-la-negociacion-y-resolucion-de-conflictos","status":"publish","type":"post","link":"https:\/\/redpronorte.cl\/sitio\/segunda-jornada-de-vinculacion-empresarial-de-proveedores-locales-abordo-la-negociacion-y-resolucion-de-conflictos\/","title":{"rendered":"<strong>Segunda \u201cJornada de Vinculaci\u00f3n Empresarial de Proveedores Locales\u201d  abord\u00f3 la negociaci\u00f3n y resoluci\u00f3n de conflictos<\/strong>"},"content":{"rendered":"\n<p class=\"justify\"><\/p>\n\n\n\n<p align=\"justify\">La actividad cont\u00f3 con la participaci\u00f3n del creador de la primera consultora\nespecialista en negociaci\u00f3n de Latinoam\u00e9rica, Francisco Pereira.<\/p>\n\n\n\n<p align=\"justify\">Con una gran asistencia de p\u00fablico, se llev\u00f3 a cabo la segunda \u201cJornada de\nVinculaci\u00f3n Empresarial de Proveedores Locales\u201d, organizada por la Asociaci\u00f3n de\nIndustriales de Iquique y el Tamarugal (AII) en conjunto con Teck Quebrada\nBlanca, y donde se abord\u00f3 la negociaci\u00f3n y resoluci\u00f3n de conflictos.<br><br>\nLa actividad se enmarc\u00f3 dentro de la iniciativa \u201cRed Pro Norte\u201d, portal de\nproveedores de la Regi\u00f3n de Tarapac\u00e1, que facilita la b\u00fasqueda de empresas\nlocales, potenciando su participaci\u00f3n en la cadena de suministro del sector minero\ny sus rubros asociados, como comercio, construcci\u00f3n, pesca, transporte y servicios\nindustriales.<\/p><br>\n\n\n\n<figure class=\"wp-block-image size-full\"><img loading=\"lazy\" decoding=\"async\" width=\"1920\" height=\"863\" src=\"https:\/\/redpronorte.cl\/sitio\/wp-content\/uploads\/2024\/09\/nota1.jpg\" alt=\"\" class=\"wp-image-499\" srcset=\"https:\/\/redpronorte.cl\/sitio\/wp-content\/uploads\/2024\/09\/nota1.jpg 1920w, https:\/\/redpronorte.cl\/sitio\/wp-content\/uploads\/2024\/09\/nota1-300x135.jpg 300w, https:\/\/redpronorte.cl\/sitio\/wp-content\/uploads\/2024\/09\/nota1-1024x460.jpg 1024w, https:\/\/redpronorte.cl\/sitio\/wp-content\/uploads\/2024\/09\/nota1-768x345.jpg 768w, https:\/\/redpronorte.cl\/sitio\/wp-content\/uploads\/2024\/09\/nota1-1536x690.jpg 1536w\" sizes=\"auto, (max-width: 1920px) 100vw, 1920px\" \/><\/figure>\n\n\n\n<p align=\"justify\"><br><br>Marcos G\u00f3mez, gerente general de la Asociaci\u00f3n de Industriales de Iquique y el\nTamarugal, se\u00f1al\u00f3 que \u201cla negociaci\u00f3n y resoluci\u00f3n de conflictos no son\nsimplemente habilidades deseables; son esenciales para la salud y el crecimiento\nde una organizaci\u00f3n, ya que mejoran el ambiente laboral, fomenta la innovaci\u00f3n y\nla creatividad, y fortalece las relaciones externas. Fomentar un entorno en el que\nestos procesos se manejen con habilidad y empat\u00eda contribuye al \u00e9xito y la\nsostenibilidad a largo plazo de cualquier organizaci\u00f3n. Como gremio creemos que\nes fundamental que las empresas regionales, los proveedores locales, puedan\ncomprender mejor el proceso de negociaci\u00f3n, conocer t\u00e9cnicas y estrategias\nefectivas, que les permita afrontar de mejor forma su relaci\u00f3n con el cliente\u201d.<br><br>\nPor su parte, Makarena Aguiluz, L\u00edder de Proveedores Locales de Teck Quebrada\nBlanca, manifest\u00f3 que \u201cbuscamos conectar a los proveedores locales con\ndestacados referentes del ecosistema empresarial e industrial a nivel nacional, en\nel marco de la Estrategia de Proveedores Locales de la compa\u00f1\u00eda. El desarrollo\nsocial y econ\u00f3mico de la regi\u00f3n est\u00e1 en el centro de nuestras prioridades, por lo\nque estamos comprometidos con fomentar la sustentabilidad a trav\u00e9s de la\ngeneraci\u00f3n de herramientas de formaci\u00f3n, empleabilidad y, especialmente, el\ndesarrollo de proveedores locales que aporten significativamente no s\u00f3lo al\ndinamismo econ\u00f3mico, sino tambi\u00e9n al bienestar y a la calidad de vida de\nTarapac\u00e1\u201d.<\/p>\n\n\n\n<figure class=\"wp-block-image size-full\"><img loading=\"lazy\" decoding=\"async\" width=\"1920\" height=\"863\" src=\"https:\/\/redpronorte.cl\/sitio\/wp-content\/uploads\/2024\/09\/nota2.jpg\" alt=\"\" class=\"wp-image-500\" srcset=\"https:\/\/redpronorte.cl\/sitio\/wp-content\/uploads\/2024\/09\/nota2.jpg 1920w, https:\/\/redpronorte.cl\/sitio\/wp-content\/uploads\/2024\/09\/nota2-300x135.jpg 300w, https:\/\/redpronorte.cl\/sitio\/wp-content\/uploads\/2024\/09\/nota2-1024x460.jpg 1024w, https:\/\/redpronorte.cl\/sitio\/wp-content\/uploads\/2024\/09\/nota2-768x345.jpg 768w, https:\/\/redpronorte.cl\/sitio\/wp-content\/uploads\/2024\/09\/nota2-1536x690.jpg 1536w\" sizes=\"auto, (max-width: 1920px) 100vw, 1920px\" \/><\/figure>\n\n\n\n<p align=\"justify\"><br><br>La segunda jornada cont\u00f3 con la participaci\u00f3n de Francisco Pereira, abogado y\nasesor de empresas en materia de negociaci\u00f3n, CEO y fundador de \u201cNegociar\u201d,\nprimera consultora en Latinoam\u00e9rica especializada en negociaci\u00f3n estrat\u00e9gica.<br><br>\u201cEstoy super contento con la convocatoria. Hab\u00eda muchos proveedores,\nprincipalmente de la miner\u00eda, quienes pudieron conocer como abordar las\nnegociaciones, sobre todo cuando son con empresas grandes. Las empresas\nproveedoras m\u00e1s peque\u00f1as suelen cometer dos errores a la hora de iniciar una\nnegociaci\u00f3n: sentir que las mandantes les est\u00e1n haciendo un favor por el s\u00f3lo\nhecho de sentarse a negociar con ellos, y sobrevalorar las alternativas que tiene su\ncontraparte al negociar. Ellos creen que, por ser empresas m\u00e1s grandes, tienen\nmuchas opciones para solucionar un problema o necesidad, y muchas veces no es\nas\u00ed, ya que puedes ser la \u00fanica o bien tienen muchas menos de las que uno cree\u201d.<\/p>\n\n\n\n<h3><strong>Empresas<\/strong><\/h3><br><p align=\"justify\">Gisela Sch\u00e4fer, de Equipo Clave Chile, indic\u00f3 que \u201cme pareci\u00f3 importante, pr\u00e1ctico\ny enriquecedora para los que trabajamos en la industria. Cada d\u00eda estamos con\nestas dificultades, y lo aprendido en la jornada lo podremos poner en pr\u00e1ctica,\ntodas estas herramientas que ahora tienen nombre y sentido para nosotros\u201d.\nC\u00e9sar Carrera, de South Poseid\u00f3n, se\u00f1al\u00f3 que \u201clas herramientas que pudimos\naprender nos servir\u00e1n bastante para poder afrontar de mejor manera las futuras\nnegociaciones con nuestras mandantes. Muchas de las cosas que coment\u00f3\nFrancisco nos hicieron sentido, como el temor a enfrentar a un proveedor o\npresentarse con un \u00e1nimo derrotista. Toda la informaci\u00f3n que nos entregaron hoy\nla podemos utilizar y poder tener un mejor desempe\u00f1o en esta materia\u201d.\nSegundo Pezo Beltr\u00e1n, de Elecbal EIRL, manifest\u00f3 que \u201cla actividad nos ayuda a\nfortalecer las capacidades personales y empresariales para poder afrontar de\nforma m\u00e1s segura las negociaciones con nuestros clientes. Ser\u00eda muy bueno que la\ntem\u00e1tica abordada en esta jornada pudiese transformarse en talleres, ya que ser\u00eda\nmuy beneficioso poder obtener herramientas que nos permitan estar m\u00e1s\nempoderados\u201d.<\/p>\n\n\n\n<h3><strong>Red Pro Norte<\/strong><\/h3><br><p align=\"justify\">Red Pro Norte es un portal que busca visualizar a las empresas regionales, para su\nparticipaci\u00f3n en la cadena productiva de la gran miner\u00eda y asociados.\nEl valor que aporta Red Pro Norte a las empresas de la gran miner\u00eda y otros\nrubros, es que respalda la experiencia que indican las empresas proveedoras,\nasegurando la validez de la informaci\u00f3n bajo un est\u00e1ndar minucioso de revisi\u00f3n de\nantecedentes por el equipo de la Asociaci\u00f3n de Industriales de Iquique.\nActualmente, este portal cuenta con 670 empresas proveedoras de la regi\u00f3n de\nTarapac\u00e1.<\/p>\n\n\n\n<div style=\"height:30px\" aria-hidden=\"true\" class=\"wp-block-spacer\"><\/div>\n","protected":false},"excerpt":{"rendered":"<p>La actividad cont\u00f3 con la participaci\u00f3n del creador de la primera consultora especialista en negociaci\u00f3n de Latinoam\u00e9rica, Francisco Pereira. Con una gran asistencia de p\u00fablico, se llev\u00f3 a cabo la segunda \u201cJornada de Vinculaci\u00f3n Empresarial de Proveedores Locales\u201d, organizada por la Asociaci\u00f3n de Industriales de Iquique y el Tamarugal (AII) en conjunto con Teck Quebrada&hellip;<\/p>\n","protected":false},"author":3,"featured_media":498,"comment_status":"closed","ping_status":"closed","sticky":false,"template":"","format":"standard","meta":{"footnotes":""},"categories":[4],"tags":[],"post_series":[],"class_list":["post-496","post","type-post","status-publish","format-standard","has-post-thumbnail","hentry","category-noticias","entry","has-media"],"_links":{"self":[{"href":"https:\/\/redpronorte.cl\/sitio\/wp-json\/wp\/v2\/posts\/496","targetHints":{"allow":["GET"]}}],"collection":[{"href":"https:\/\/redpronorte.cl\/sitio\/wp-json\/wp\/v2\/posts"}],"about":[{"href":"https:\/\/redpronorte.cl\/sitio\/wp-json\/wp\/v2\/types\/post"}],"author":[{"embeddable":true,"href":"https:\/\/redpronorte.cl\/sitio\/wp-json\/wp\/v2\/users\/3"}],"replies":[{"embeddable":true,"href":"https:\/\/redpronorte.cl\/sitio\/wp-json\/wp\/v2\/comments?post=496"}],"version-history":[{"count":2,"href":"https:\/\/redpronorte.cl\/sitio\/wp-json\/wp\/v2\/posts\/496\/revisions"}],"predecessor-version":[{"id":501,"href":"https:\/\/redpronorte.cl\/sitio\/wp-json\/wp\/v2\/posts\/496\/revisions\/501"}],"wp:featuredmedia":[{"embeddable":true,"href":"https:\/\/redpronorte.cl\/sitio\/wp-json\/wp\/v2\/media\/498"}],"wp:attachment":[{"href":"https:\/\/redpronorte.cl\/sitio\/wp-json\/wp\/v2\/media?parent=496"}],"wp:term":[{"taxonomy":"category","embeddable":true,"href":"https:\/\/redpronorte.cl\/sitio\/wp-json\/wp\/v2\/categories?post=496"},{"taxonomy":"post_tag","embeddable":true,"href":"https:\/\/redpronorte.cl\/sitio\/wp-json\/wp\/v2\/tags?post=496"},{"taxonomy":"post_series","embeddable":true,"href":"https:\/\/redpronorte.cl\/sitio\/wp-json\/wp\/v2\/post_series?post=496"}],"curies":[{"name":"wp","href":"https:\/\/api.w.org\/{rel}","templated":true}]}}