{"id":462,"date":"2024-08-09T02:06:23","date_gmt":"2024-08-09T06:06:23","guid":{"rendered":"https:\/\/redpronorte.cl\/sitio\/?p=462"},"modified":"2024-08-09T03:02:34","modified_gmt":"2024-08-09T07:02:34","slug":"aii-y-teck-realizan-primera-jornada-de-vinculacion-empresarial-de-proveedores-locales","status":"publish","type":"post","link":"https:\/\/redpronorte.cl\/sitio\/aii-y-teck-realizan-primera-jornada-de-vinculacion-empresarial-de-proveedores-locales\/","title":{"rendered":"<strong>AII y Teck realizan primera \u201cJornada de Vinculaci\u00f3n Empresarial de Proveedores Locales\u201d<\/strong>"},"content":{"rendered":"\n<p class=\"justify\"><\/p>\n\n\n\n<p align=\"justify\">La actividad cont\u00f3 con la participaci\u00f3n del creador y Head Coach de Power Pitch Method, H\u00e9ctor Sep\u00falveda.<\/p>\n\n\n\n<p align=\"justify\">Con una alta convocatoria, se llev\u00f3 a cabo la primera \u201cJornada de Vinculaci\u00f3n Empresarial de Proveedores Locales\u201d, organizada por la Asociaci\u00f3n de Industriales de Iquique y el Tamarugal (AII) en conjunto con Teck Quebrada Blanca, y que se enmarca dentro de la iniciativa \u201cRed Pro Norte\u201d, portal de proveedores de la Regi\u00f3n de Tarapac\u00e1, que facilita la b\u00fasqueda de empresas locales, potenciando su participaci\u00f3n en la cadena de suministro del sector minero y sus rubros asociados, como comercio, construcci\u00f3n, pesca, transporte y servicios industriales.<\/p><br>\n\n\n\n<figure class=\"wp-block-image size-full\"><img loading=\"lazy\" decoding=\"async\" width=\"1024\" height=\"461\" src=\"https:\/\/redpronorte.cl\/sitio\/wp-content\/uploads\/2024\/08\/20.jpg\" alt=\"\" class=\"wp-image-472\" srcset=\"https:\/\/redpronorte.cl\/sitio\/wp-content\/uploads\/2024\/08\/20.jpg 1024w, https:\/\/redpronorte.cl\/sitio\/wp-content\/uploads\/2024\/08\/20-300x135.jpg 300w, https:\/\/redpronorte.cl\/sitio\/wp-content\/uploads\/2024\/08\/20-768x346.jpg 768w\" sizes=\"auto, (max-width: 1024px) 100vw, 1024px\" \/><\/figure>\n\n\n\n<br><br><p align=\"justify\">Marcos G\u00f3mez, gerente general de la AII, se\u00f1al\u00f3 que la idea central que ha estado trabajando el gremio con las compa\u00f1\u00edas mineras de la regi\u00f3n, es la generaci\u00f3n de vinculaci\u00f3n para las empresas y proveedores locales. \u201cEs un elemento fundamental, por una serie de factores como contrataci\u00f3n local, circulaci\u00f3n de la riqueza, entre otros. Creemos que el proceso de vinculaci\u00f3n a trav\u00e9s de la plataforma Red Pro Norte es una herramienta muy eficiente para ir mejorando los indicadores de vinculaci\u00f3n de las empresas locales a lo que es el ruedo de poder entrar a los mercados de las grandes empresas\u201d.<\/p>\n\n\n\n<figure class=\"wp-block-image size-full\"><img loading=\"lazy\" decoding=\"async\" width=\"1024\" height=\"461\" src=\"https:\/\/redpronorte.cl\/sitio\/wp-content\/uploads\/2024\/08\/19.jpg\" alt=\"\" class=\"wp-image-467\" srcset=\"https:\/\/redpronorte.cl\/sitio\/wp-content\/uploads\/2024\/08\/19.jpg 1024w, https:\/\/redpronorte.cl\/sitio\/wp-content\/uploads\/2024\/08\/19-300x135.jpg 300w, https:\/\/redpronorte.cl\/sitio\/wp-content\/uploads\/2024\/08\/19-768x346.jpg 768w\" sizes=\"auto, (max-width: 1024px) 100vw, 1024px\" \/><\/figure>\n\n\n\n<br><br><p align=\"justify\">Por su parte, la L\u00edder de Proveedores Locales de Teck Quebrada Blanca, Makarena Aguiluz, manifest\u00f3 que \u201cqueremos que los proveedores locales se vayan relacionando, que aumenten sus oportunidades de negocio, que se desarrollen, que crezcan, y que no solamente se relacionen con nosotros, sino que se relacionen entre ellos mismos, que generen redes, encadenamiento productivo, lo que es muy importante para nosotros como compa\u00f1\u00eda\u201d. <\/p>\n\n\n\n<figure class=\"wp-block-image size-full\"><img loading=\"lazy\" decoding=\"async\" width=\"1024\" height=\"461\" src=\"https:\/\/redpronorte.cl\/sitio\/wp-content\/uploads\/2024\/08\/18.jpg\" alt=\"\" class=\"wp-image-468\" srcset=\"https:\/\/redpronorte.cl\/sitio\/wp-content\/uploads\/2024\/08\/18.jpg 1024w, https:\/\/redpronorte.cl\/sitio\/wp-content\/uploads\/2024\/08\/18-300x135.jpg 300w, https:\/\/redpronorte.cl\/sitio\/wp-content\/uploads\/2024\/08\/18-768x346.jpg 768w\" sizes=\"auto, (max-width: 1024px) 100vw, 1024px\" \/><\/figure>\n\n\n\n<br><br><p align=\"justify\">Esta primera jornada cont\u00f3 con la participaci\u00f3n del creador y Head Coach de Power Pitch Method, H\u00e9ctor Sep\u00falveda, quien proporcion\u00f3 una formaci\u00f3n pr\u00e1ctica en el uso de esta t\u00e9cnica para lo que son las presentaciones de propuesta de valor de las empresas, as\u00ed como estructurar y comunicar claramente la oferta y el impacto de los proveedores.<\/p>\n\n\n\n<p align=\"justify\">\u201cTrabajamos sobre aplicar el \u00edndice de calidad de narrativa comercial para que las empresas sepan qu\u00e9 es lo que est\u00e1n diciendo a los clientes y de qu\u00e9 calidad es ese relato. Es el relato el que cautiva al cliente, si este es confuso o muy t\u00e9cnico, puede haber productos o servicios geniales que el cliente puede terminar no entendiendo porque el relato no da cuenta de ello. Es un trabajo paralelo que se tiene que hacer, as\u00ed como se mejora un producto, hay que mejorar las narrativas con las que se ofrecen\u201d, se\u00f1al\u00f3 Sep\u00falveda.<\/p>\n\n\n\n<p align=\"justify\">El Head Coach se\u00f1al\u00f3 que el gran marco de p\u00fablico que tuvo la actividad, es un indicio de que el tema interesa, por lo que ojal\u00e1 que las cosas que vieron durante la jornada, lo pongan en pr\u00e1ctica.\n<\/p>\n\n\n\n<figure class=\"wp-block-image size-full\"><img loading=\"lazy\" decoding=\"async\" width=\"1024\" height=\"461\" src=\"https:\/\/redpronorte.cl\/sitio\/wp-content\/uploads\/2024\/08\/17.jpg\" alt=\"\" class=\"wp-image-470\" srcset=\"https:\/\/redpronorte.cl\/sitio\/wp-content\/uploads\/2024\/08\/17.jpg 1024w, https:\/\/redpronorte.cl\/sitio\/wp-content\/uploads\/2024\/08\/17-300x135.jpg 300w, https:\/\/redpronorte.cl\/sitio\/wp-content\/uploads\/2024\/08\/17-768x346.jpg 768w\" sizes=\"auto, (max-width: 1024px) 100vw, 1024px\" \/><\/figure>\n\n\n\n<br><h3><strong>Empresas<\/strong><\/h3>\n<p align=\"justify\">Los representantes de las empresas que son parte del portal Red Pro Norte, valoraron la iniciativa. <\/p>\n\n\n\n<p align=\"justify\">Jaime Escobar, de la empresa Servijeg SpA, se\u00f1al\u00f3 que la jornada le permiti\u00f3 \u201chacer una retroalimentaci\u00f3n con respecto a lo que nosotros desarrollamos todos los d\u00edas. Vamos a poner en pr\u00e1ctica varios de los puntos abordados, lo que ser\u00e1 una mejora en nuestro desempe\u00f1o\u201d.<\/p>\n\n\n\n<p align=\"justify\">Mar\u00eda Ignacia Gattoni, de la empresa GyG Thomas y quien tambi\u00e9n expuso durante la jornada, se\u00f1al\u00f3 que es \u201csuper interesante ver desde una perspectiva distinta la narrativa que hemos estado utilizando, y el poder implementar dentro de las empresas lo aprendido durante la jornada, me parece super provechoso\u201d.<\/p>\n\n\n\n<p align=\"justify\">Carlos Sandoval, de la Consultora Isoingenio, indic\u00f3 \u201cnosotros estamos justamente sacando un nuevo programa de ventas, y esta charla nos abri\u00f3 la mente, nos hace repensar lo que hemos estado trabajando ya que nos mostr\u00f3 muchas cosas nuevas que no ten\u00edamos consideradas\u201d.<\/p>\n\n\n\n<p align=\"justify\">Katherine Esteban, de Servicios Tajsa, manifest\u00f3 que la jornada ha sido \u201cmuy enriquecedora, ya que nos permite adquirir conocimientos para saber vender nuestros servicios, lo que nos permite hacer una retroalimentaci\u00f3n y mejorar nuestra narrativa para vendernos de mejor manera\u201d. <\/p>\n\n\n\n<h3><strong>Red Pro Norte<\/strong><\/h3>\n<p align=\"justify\">Red Pro Norte es un portal que busca visualizar a las empresas regionales, para su participaci\u00f3n en la cadena productiva de la gran miner\u00eda y asociados.\nEl valor que aporta Red Pro Norte a las empresas de la gran miner\u00eda y otros rubros, es que respalda la experiencia que indican las empresas proveedoras, asegurando la validez de la informaci\u00f3n bajo un est\u00e1ndar minucioso de revisi\u00f3n de antecedentes por el equipo de la Asociaci\u00f3n de Industriales de Iquique.\nActualmente, este portal cuenta con 670 empresas proveedoras de la regi\u00f3n de Tarapac\u00e1.<\/p>\n\n\n\n<div style=\"height:30px\" aria-hidden=\"true\" class=\"wp-block-spacer\"><\/div>\n","protected":false},"excerpt":{"rendered":"<p>La actividad cont\u00f3 con la participaci\u00f3n del creador y Head Coach de Power Pitch Method, H\u00e9ctor Sep\u00falveda. Con una alta convocatoria, se llev\u00f3 a cabo la primera \u201cJornada de Vinculaci\u00f3n Empresarial de Proveedores Locales\u201d, organizada por la Asociaci\u00f3n de Industriales de Iquique y el Tamarugal (AII) en conjunto con Teck Quebrada Blanca, y que se&hellip;<\/p>\n","protected":false},"author":3,"featured_media":469,"comment_status":"closed","ping_status":"closed","sticky":false,"template":"","format":"standard","meta":{"footnotes":""},"categories":[4],"tags":[],"post_series":[],"class_list":["post-462","post","type-post","status-publish","format-standard","has-post-thumbnail","hentry","category-noticias","entry","has-media"],"_links":{"self":[{"href":"https:\/\/redpronorte.cl\/sitio\/wp-json\/wp\/v2\/posts\/462","targetHints":{"allow":["GET"]}}],"collection":[{"href":"https:\/\/redpronorte.cl\/sitio\/wp-json\/wp\/v2\/posts"}],"about":[{"href":"https:\/\/redpronorte.cl\/sitio\/wp-json\/wp\/v2\/types\/post"}],"author":[{"embeddable":true,"href":"https:\/\/redpronorte.cl\/sitio\/wp-json\/wp\/v2\/users\/3"}],"replies":[{"embeddable":true,"href":"https:\/\/redpronorte.cl\/sitio\/wp-json\/wp\/v2\/comments?post=462"}],"version-history":[{"count":11,"href":"https:\/\/redpronorte.cl\/sitio\/wp-json\/wp\/v2\/posts\/462\/revisions"}],"predecessor-version":[{"id":480,"href":"https:\/\/redpronorte.cl\/sitio\/wp-json\/wp\/v2\/posts\/462\/revisions\/480"}],"wp:featuredmedia":[{"embeddable":true,"href":"https:\/\/redpronorte.cl\/sitio\/wp-json\/wp\/v2\/media\/469"}],"wp:attachment":[{"href":"https:\/\/redpronorte.cl\/sitio\/wp-json\/wp\/v2\/media?parent=462"}],"wp:term":[{"taxonomy":"category","embeddable":true,"href":"https:\/\/redpronorte.cl\/sitio\/wp-json\/wp\/v2\/categories?post=462"},{"taxonomy":"post_tag","embeddable":true,"href":"https:\/\/redpronorte.cl\/sitio\/wp-json\/wp\/v2\/tags?post=462"},{"taxonomy":"post_series","embeddable":true,"href":"https:\/\/redpronorte.cl\/sitio\/wp-json\/wp\/v2\/post_series?post=462"}],"curies":[{"name":"wp","href":"https:\/\/api.w.org\/{rel}","templated":true}]}}