{"id":446,"date":"2023-08-17T11:35:02","date_gmt":"2023-08-17T15:35:02","guid":{"rendered":"https:\/\/redpronorte.cl\/sitio\/?p=446"},"modified":"2023-08-31T11:41:08","modified_gmt":"2023-08-31T15:41:08","slug":"encuentro-de-proveedores-de-la-red-pro-norte-convoca-a-cerca-de-40-empresas-regionales","status":"publish","type":"post","link":"https:\/\/redpronorte.cl\/sitio\/encuentro-de-proveedores-de-la-red-pro-norte-convoca-a-cerca-de-40-empresas-regionales\/","title":{"rendered":"<strong>Encuentro de Proveedores de la Red Pro Norte convoca a cerca de 40 empresas regionales<\/strong>"},"content":{"rendered":"\n<p class=\"justify\"><\/p>\n\n\n\n<p align=\"justify\"><br>Cerca de 40 empresas y proveedores de la miner\u00eda se dieron cita al encuentro de Proveedores Locales de la Red Pro Norte, instancia liderada por la Asociaci\u00f3n de Industriales de Iquique y el Tamarugal (AII) y por Teck Quebrada Blanca y que ya cuenta con m\u00e1s de 500 empresas inscritas en el portal.<\/p>\n\n\n\n<p align=\"justify\">Durante el desayuno efectuado en el Hotel Terrado Suites, las empresas asistentes pudieron observar las presentaciones de Makarena Aguiluz, L\u00edder de Proveedores Locales de la empresa minera, y de Jos\u00e9 Aguilera, gerente de Proyectos de la AII y encargado de la marcha de la Red de Proveedores Locales, Red Pro Norte. Ambos destacaron el enorme crecimiento que ha tenido la plataforma en los \u00faltimos a\u00f1os, se\u00f1alando que a\u00fan tiene mucho potencial de crecimiento, por lo que esperan que en adelante sean muchas m\u00e1s las empresas locales inscritas en el portal.<\/p><br>\n\n\n\n<figure class=\"wp-block-image size-large\"><img loading=\"lazy\" decoding=\"async\" width=\"1024\" height=\"461\" src=\"https:\/\/redpronorte.cl\/sitio\/wp-content\/uploads\/2023\/08\/nota2-1024x461.jpg\" alt=\"\" class=\"wp-image-448\" srcset=\"https:\/\/redpronorte.cl\/sitio\/wp-content\/uploads\/2023\/08\/nota2-1024x461.jpg 1024w, https:\/\/redpronorte.cl\/sitio\/wp-content\/uploads\/2023\/08\/nota2-300x135.jpg 300w, https:\/\/redpronorte.cl\/sitio\/wp-content\/uploads\/2023\/08\/nota2-768x346.jpg 768w, https:\/\/redpronorte.cl\/sitio\/wp-content\/uploads\/2023\/08\/nota2-1536x691.jpg 1536w, https:\/\/redpronorte.cl\/sitio\/wp-content\/uploads\/2023\/08\/nota2.jpg 1600w\" sizes=\"auto, (max-width: 1024px) 100vw, 1024px\" \/><\/figure>\n\n\n\n<div style=\"height:30px\" aria-hidden=\"true\" class=\"wp-block-spacer\"><\/div>\n\n\n\n<figure class=\"wp-block-image size-large\"><img loading=\"lazy\" decoding=\"async\" width=\"1024\" height=\"461\" src=\"https:\/\/redpronorte.cl\/sitio\/wp-content\/uploads\/2023\/08\/nota3-1024x461.jpg\" alt=\"\" class=\"wp-image-449\" srcset=\"https:\/\/redpronorte.cl\/sitio\/wp-content\/uploads\/2023\/08\/nota3-1024x461.jpg 1024w, https:\/\/redpronorte.cl\/sitio\/wp-content\/uploads\/2023\/08\/nota3-300x135.jpg 300w, https:\/\/redpronorte.cl\/sitio\/wp-content\/uploads\/2023\/08\/nota3-768x346.jpg 768w, https:\/\/redpronorte.cl\/sitio\/wp-content\/uploads\/2023\/08\/nota3-1536x691.jpg 1536w, https:\/\/redpronorte.cl\/sitio\/wp-content\/uploads\/2023\/08\/nota3.jpg 1600w\" sizes=\"auto, (max-width: 1024px) 100vw, 1024px\" \/><\/figure>\n","protected":false},"excerpt":{"rendered":"<p>Cerca de 40 empresas y proveedores de la miner\u00eda se dieron cita al encuentro de Proveedores Locales de la Red Pro Norte, instancia liderada por la Asociaci\u00f3n de Industriales de Iquique y el Tamarugal (AII) y por Teck Quebrada Blanca y que ya cuenta con m\u00e1s de 500 empresas inscritas en el portal. Durante el&hellip;<\/p>\n","protected":false},"author":3,"featured_media":450,"comment_status":"closed","ping_status":"closed","sticky":false,"template":"","format":"standard","meta":{"footnotes":""},"categories":[4],"tags":[],"post_series":[],"class_list":["post-446","post","type-post","status-publish","format-standard","has-post-thumbnail","hentry","category-noticias","entry","has-media"],"_links":{"self":[{"href":"https:\/\/redpronorte.cl\/sitio\/wp-json\/wp\/v2\/posts\/446","targetHints":{"allow":["GET"]}}],"collection":[{"href":"https:\/\/redpronorte.cl\/sitio\/wp-json\/wp\/v2\/posts"}],"about":[{"href":"https:\/\/redpronorte.cl\/sitio\/wp-json\/wp\/v2\/types\/post"}],"author":[{"embeddable":true,"href":"https:\/\/redpronorte.cl\/sitio\/wp-json\/wp\/v2\/users\/3"}],"replies":[{"embeddable":true,"href":"https:\/\/redpronorte.cl\/sitio\/wp-json\/wp\/v2\/comments?post=446"}],"version-history":[{"count":3,"href":"https:\/\/redpronorte.cl\/sitio\/wp-json\/wp\/v2\/posts\/446\/revisions"}],"predecessor-version":[{"id":453,"href":"https:\/\/redpronorte.cl\/sitio\/wp-json\/wp\/v2\/posts\/446\/revisions\/453"}],"wp:featuredmedia":[{"embeddable":true,"href":"https:\/\/redpronorte.cl\/sitio\/wp-json\/wp\/v2\/media\/450"}],"wp:attachment":[{"href":"https:\/\/redpronorte.cl\/sitio\/wp-json\/wp\/v2\/media?parent=446"}],"wp:term":[{"taxonomy":"category","embeddable":true,"href":"https:\/\/redpronorte.cl\/sitio\/wp-json\/wp\/v2\/categories?post=446"},{"taxonomy":"post_tag","embeddable":true,"href":"https:\/\/redpronorte.cl\/sitio\/wp-json\/wp\/v2\/tags?post=446"},{"taxonomy":"post_series","embeddable":true,"href":"https:\/\/redpronorte.cl\/sitio\/wp-json\/wp\/v2\/post_series?post=446"}],"curies":[{"name":"wp","href":"https:\/\/api.w.org\/{rel}","templated":true}]}}