{"id":429,"date":"2023-01-26T16:41:04","date_gmt":"2023-01-26T19:41:04","guid":{"rendered":"https:\/\/redpronorte.cl\/sitio\/?p=429"},"modified":"2023-01-31T04:36:12","modified_gmt":"2023-01-31T07:36:12","slug":"queremos-lograr-que-esta-plataforma-se-transforme-en-una-marca-potente-reconocida-por-la-industria-como-un-medio-efectivo-para-buscar-proveedores-de-bienes-y-servicios","status":"publish","type":"post","link":"https:\/\/redpronorte.cl\/sitio\/queremos-lograr-que-esta-plataforma-se-transforme-en-una-marca-potente-reconocida-por-la-industria-como-un-medio-efectivo-para-buscar-proveedores-de-bienes-y-servicios\/","title":{"rendered":"<strong>Queremos lograr que esta plataforma se transforme en una marca potente, reconocida por la industria como un medio efectivo para buscar proveedores de bienes y servicios<\/strong>"},"content":{"rendered":"\n<p class=\"justify\"><em><em>Sebasti\u00e1n Sotomayor, Gerente de Gesti\u00f3n de Materiales y Servicios de Teck Chile<\/em>.<\/em><\/p>\n\n\n\n<p align=\"justify\"><br>La Red Pro Norte, iniciativa impulsada Teck en conjunto con la Asociaci\u00f3n de Industriales de Iquique y el Tamarugal, cumpli\u00f3 un a\u00f1o de ejecuci\u00f3n de distintas actividades con sus m\u00e1s de 400 empresas regionales participantes, de las cuales muchas ya han cumplido con el principal objetivo de visibilizar sus productos y recibir invitaciones para ser parte de licitaciones con la compa\u00f1\u00eda minera, concretando la prestaci\u00f3n de sus servicios para diferentes proyectos en faenas.<\/p>\n\n\n\n<p align=\"justify\">Para la gerenta del \u00c1rea de Proyectos y Desarrollo Empresarial de la AII, Claudia Ram\u00edrez, esta primera rueda de negocios \u201cnos deja muy contentos ya que pudieron participar las empresas que se encuentran con su documentaci\u00f3n al d\u00eda en Red Pro Norte y de rubros que fueron solicitados por Teck.  La actividad es una forma de visibilizar la amplia oferta de productos y servicios que tienen las empresas y a su vez las empresas locales pueden conversar directamente con el \u00e1rea de abastecimiento de la compa\u00f1\u00eda minera, quienes les entregan su retroalimentaci\u00f3n en relaci\u00f3n a lo presentado\u201d.<\/p>\n\n\n\n<p align=\"justify\">Sebasti\u00e1n Sotomayor, Gerente de Gesti\u00f3n de Materiales y Servicios de Teck Chile, nos habla sobre el primer a\u00f1o de trabajos con las empresas locales que son parte del portal, las estrategias para captar m\u00e1s proveedores y sus proyecciones hacia un futuro no muy lejano.<\/p>\n\n\n\n<p align=\"justify\"><strong>\u00bfC\u00f3mo surge esta iniciativa de generar un portal y c\u00f3mo se conecta con el negocio?<\/strong><br>\u201cEn Teck, uno de nuestros focos estrat\u00e9gicos est\u00e1 en potenciar la competitividad y encadenamiento productivo de las empresas proveedoras de la regi\u00f3n, buscando que sean parte de la oferta de bienes y servicios para la futura operaci\u00f3n de Quebrada Blanca, as\u00ed como de muchos otros proyectos m\u00e1s que impulsar\u00e1n el desarrollo productivo de Tarapac\u00e1. En este sentido, gracias al trabajo realizado con la Asociaci\u00f3n de Industriales a trav\u00e9s del Programa de Desarrollo de Proveedores Locales, descubrimos que la oferta de las empresas de la regi\u00f3n es una oferta desarrollada, competitiva y de calidad, pero poco visible en el mercado. Fue as\u00ed como generamos una herramienta que permita dar a conocer esa oferta al mercado para que cualquier persona que tenga una demanda de servicios pueda encontrar la oferta que pueda satisfacer su requerimiento\u201d.<\/p>\n\n\n\n<p align=\"justify\"><strong>Tras un a\u00f1o ya de ejecuci\u00f3n de esta iniciativa, \u00bfCu\u00e1l es el balance que hacen?<\/strong><br>\u201cHa sido un balance muy positivo para nosotros, ya que muchas empresas locales se han inscrito en Red Pro Norte, algo que es muy importante, dado que podemos buscar dentro del portal empresas locales que puedan atender los requerimiento de la futura operaci\u00f3n, adem\u00e1s de generar encadenamiento productivo entre las mismas empresas que est\u00e1n inscritas. Cabe destacar, que diversas empresas han sido invitadas a procesos de compras y contratos. Por \u00faltimo, queremos visibilizar la oferta existente de bienes y servicios en Tarapac\u00e1\u201d.<\/p>\n\n\n\n<p align=\"justify\"><strong>\u00bfC\u00f3mo ha sido el crecimiento del portal?<\/strong><br>\n\u201cLa estrategia de crecimiento del portal de proveedores tiene dos v\u00edas. La primera es que las empresas proveedoras de servicios se inscriban en esta plataforma; y la segunda, que las empresas mandantes busquen servicios en este portal. A la fecha, llevamos 448 empresas registradas en el portal durante el primer a\u00f1o de su implementaci\u00f3n. Por parte de Teck, hemos incorporado esta herramienta dentro de nuestros procesos de b\u00fasqueda de oferentes para distintos servicios requeridos por la operaci\u00f3n Quebrada Blanca y nuestro prop\u00f3sito es que muchas empresas m\u00e1s consideren esta plataforma para cubrir su propia demanda de bienes y servicios\u201d.<\/p>\n\n\n\n<p align=\"justify\"><strong>\u00bfC\u00f3mo pretenden sumar m\u00e1s proveedores locales?<\/strong><br>\u201cEstamos trabajando permanentemente en la expansi\u00f3n del portal, a trav\u00e9s de dos caminos: el primero tiene que ver con mejorar la plataforma y hacerla m\u00e1s interactiva, facilitando que m\u00e1s empresas se inscriban y mejoren su interacci\u00f3n con las empresas que est\u00e1n buscando los servicios. Otra v\u00eda es darlo a conocer a trav\u00e9s de distintas acciones de vinculaci\u00f3n como ruedas de negocio, encuentros empresariales, en fin, tenemos varias oportunidades que tenemos durante el a\u00f1o para darlo a conocer. Red Pro Norte es una marca que pertenece a Teck y con ella tenemos una oportunidad en un futuro de poder ampliarla a la regi\u00f3n de Coquimbo para incluir a empresas de la comuna de Andacollo que tambi\u00e9n son locales en t\u00e9rminos del territorio donde desarrollamos nuestra actividad y de esa forma captar esta oferta y llevarla a nuestros procesos de licitaci\u00f3n, no solo para Teck sino tambi\u00e9n al servicio de la industria\u201d.<\/p>\n\n\n\n<p align=\"justify\"><strong>\u00bfQu\u00e9 tan fundamental ha sido el trabajo en conjunto con la AII para ejecutar esta iniciativa?<\/strong><br>\u201cLlevamos m\u00e1s de cuatro a\u00f1os de trabajo en conjunto, donde partimos con un diagn\u00f3stico de la oferta de bienes y servicios en la regi\u00f3n, lo que fue el puntapi\u00e9 inicial para comenzar a implementar un completo Programa de Desarrollo de Proveedores Locales. Como fruto de este provechoso trabajo, uno de los logros m\u00e1s significativos fue la creaci\u00f3n de Red Pro Norte como una red para unir la oferta con la demanda, donde la asesor\u00eda t\u00e9cnica del gremio ha sido fundamental. Adem\u00e1s, para potenciar el portal la AII ha facilitado la construcci\u00f3n de redes en el ecosistema productivo y la permitido incorporar a m\u00e1s proveedores locales en este portal, a trav\u00e9s de diversas instancias de vinculaci\u00f3n que a los proveedores locales les permite hacer m\u00e1s visible su oferta\u201d.<\/p>\n\n\n\n<p align=\"justify\"><strong>\u00bfQu\u00e9 proyecciones tienen a futuro con Red Pro Norte?<\/strong><br>\n\u201cQueremos lograr que esta plataforma transforme en una marca potente, reconocida por la industria como un medio efectivo para buscar proveedores de bienes y servicios, y extender su cobertura a la regi\u00f3n de Coquimbo, donde se encuentra una oferta importante de proveedores especialmente de la comuna de Carmen de Andacollo, donde tambi\u00e9n tenemos presencia. Como Teck el prop\u00f3sito de esta iniciativa es ofrecer una plataforma que constituya una fuente real de b\u00fasqueda de proveedores y ofrezca oportunidades concretas de negocio para las empresas de Tarapac\u00e1. Lo que esperamos con esto es aportar al desarrollo social y econ\u00f3mico de la regi\u00f3n\u201d.<\/p>\n\n\n\n<figure class=\"wp-block-image size-large\"><img loading=\"lazy\" decoding=\"async\" width=\"1024\" height=\"768\" src=\"https:\/\/redpronorte.cl\/sitio\/wp-content\/uploads\/2023\/01\/nota5f2-1024x768.jpg\" alt=\"\" class=\"wp-image-433\" srcset=\"https:\/\/redpronorte.cl\/sitio\/wp-content\/uploads\/2023\/01\/nota5f2-1024x768.jpg 1024w, https:\/\/redpronorte.cl\/sitio\/wp-content\/uploads\/2023\/01\/nota5f2-300x225.jpg 300w, https:\/\/redpronorte.cl\/sitio\/wp-content\/uploads\/2023\/01\/nota5f2-768x576.jpg 768w, https:\/\/redpronorte.cl\/sitio\/wp-content\/uploads\/2023\/01\/nota5f2.jpg 1200w\" sizes=\"auto, (max-width: 1024px) 100vw, 1024px\" \/><\/figure>\n","protected":false},"excerpt":{"rendered":"<p>Sebasti\u00e1n Sotomayor, Gerente de Gesti\u00f3n de Materiales y Servicios de Teck Chile. La Red Pro Norte, iniciativa impulsada Teck en conjunto con la Asociaci\u00f3n de Industriales de Iquique y el Tamarugal, cumpli\u00f3 un a\u00f1o de ejecuci\u00f3n de distintas actividades con sus m\u00e1s de 400 empresas regionales participantes, de las cuales muchas ya han cumplido con&hellip;<\/p>\n","protected":false},"author":3,"featured_media":444,"comment_status":"closed","ping_status":"closed","sticky":false,"template":"","format":"standard","meta":{"footnotes":""},"categories":[4],"tags":[],"post_series":[],"class_list":["post-429","post","type-post","status-publish","format-standard","has-post-thumbnail","hentry","category-noticias","entry","has-media"],"_links":{"self":[{"href":"https:\/\/redpronorte.cl\/sitio\/wp-json\/wp\/v2\/posts\/429","targetHints":{"allow":["GET"]}}],"collection":[{"href":"https:\/\/redpronorte.cl\/sitio\/wp-json\/wp\/v2\/posts"}],"about":[{"href":"https:\/\/redpronorte.cl\/sitio\/wp-json\/wp\/v2\/types\/post"}],"author":[{"embeddable":true,"href":"https:\/\/redpronorte.cl\/sitio\/wp-json\/wp\/v2\/users\/3"}],"replies":[{"embeddable":true,"href":"https:\/\/redpronorte.cl\/sitio\/wp-json\/wp\/v2\/comments?post=429"}],"version-history":[{"count":2,"href":"https:\/\/redpronorte.cl\/sitio\/wp-json\/wp\/v2\/posts\/429\/revisions"}],"predecessor-version":[{"id":435,"href":"https:\/\/redpronorte.cl\/sitio\/wp-json\/wp\/v2\/posts\/429\/revisions\/435"}],"wp:featuredmedia":[{"embeddable":true,"href":"https:\/\/redpronorte.cl\/sitio\/wp-json\/wp\/v2\/media\/444"}],"wp:attachment":[{"href":"https:\/\/redpronorte.cl\/sitio\/wp-json\/wp\/v2\/media?parent=429"}],"wp:term":[{"taxonomy":"category","embeddable":true,"href":"https:\/\/redpronorte.cl\/sitio\/wp-json\/wp\/v2\/categories?post=429"},{"taxonomy":"post_tag","embeddable":true,"href":"https:\/\/redpronorte.cl\/sitio\/wp-json\/wp\/v2\/tags?post=429"},{"taxonomy":"post_series","embeddable":true,"href":"https:\/\/redpronorte.cl\/sitio\/wp-json\/wp\/v2\/post_series?post=429"}],"curies":[{"name":"wp","href":"https:\/\/api.w.org\/{rel}","templated":true}]}}