{"id":338,"date":"2023-01-16T14:22:05","date_gmt":"2023-01-16T17:22:05","guid":{"rendered":"https:\/\/redpronorte.cl\/sitio\/?p=338"},"modified":"2023-01-31T04:15:27","modified_gmt":"2023-01-31T07:15:27","slug":"con-exito-se-realizo-la-primera-rueda-de-negocios-con-proveedores-de-red-pro-norte","status":"publish","type":"post","link":"https:\/\/redpronorte.cl\/sitio\/con-exito-se-realizo-la-primera-rueda-de-negocios-con-proveedores-de-red-pro-norte\/","title":{"rendered":"CON \u00c9XITO SE REALIZ\u00d3 LA PRIMERA RUEDA DE NEGOCIOS CON PROVEEDORES DE RED PRO NORTE"},"content":{"rendered":"\n<p class=\"justify\"><em><em>La iniciativa const\u00f3 de dos jornadas y fue impulsada por Teck Quebrada Blanca junto a la Asociaci\u00f3n de Industriales de Iquique y el Tamarugal, y congreg\u00f3 a 48 empresas proveedoras del sector minero<\/em>.<\/em><\/p>\n\n\n\n<p align=\"justify\"><br>Con el objetivo de generar un espacio de vinculaci\u00f3n entre proveedores que son parte de Red Pro Norte y que cuentan con su documentaci\u00f3n al d\u00eda en el portal, es que se llev\u00f3 a cabo la Primera Rueda de Negocios de dicha plataforma, en donde 48 empresas pertenecientes al portal, presentaron su oferta de valor.<\/p>\n\n\n\n<p align=\"justify\">Para la gerenta del \u00c1rea de Proyectos y Desarrollo Empresarial de la AII, Claudia Ram\u00edrez, esta primera rueda de negocios \u201cnos deja muy contentos ya que pudieron participar las empresas que se encuentran con su documentaci\u00f3n al d\u00eda en Red Pro Norte y de rubros que fueron solicitados por Teck.  La actividad es una forma de visibilizar la amplia oferta de productos y servicios que tienen las empresas y a su vez las empresas locales pueden conversar directamente con el \u00e1rea de abastecimiento de la compa\u00f1\u00eda minera, quienes les entregan su retroalimentaci\u00f3n en relaci\u00f3n a lo presentado\u201d.<\/p>\n\n\n\n<p align=\"justify\">Sobre las expectativas de cara al futuro, Ram\u00edrez a\u00f1adi\u00f3 que \u201clo que se espera es que m\u00e1s empresas puedan ir presentando su oferta de valor a Teck, para que la compa\u00f1\u00eda pueda ir invitando a m\u00e1s empresas locales a procesos de compra\u201d.<\/p>\n\n\n\n<p align=\"justify\">En tanto, el Business Partner de Materiales y Servicios de Teck Quebrada Blanca, Juan Antonio Luna, enfatiz\u00f3 en la importancia de esta instancia para la compa\u00f1\u00eda minera, como una oportunidad de interacci\u00f3n directa con las empresas regionales que aspiran a ser parte de la industria minera.<\/p>\n\n\n\n<p align=\"justify\">\u201cDurante estas Ruedas de Negocios pudimos conocer nuevas y variadas ofertas de bienes y servicios de parte de los proveedores de Tarapac\u00e1, lo que signific\u00f3 una valiosa oportunidad tanto para visibilizar a las empresas locales. Adem\u00e1s, como compa\u00f1\u00eda pudimos informar acerca de la demanda de servicios que requiere la pr\u00f3xima operaci\u00f3n de Quebrada Blanca. Seguimos invitando a los proveedores regionales a sumarse al portal Red Pro Norte, para abrir m\u00e1s oportunidades de generar negocios en el mercado regional\u201d, dijo Luna.<\/p>\n\n\n\n<p align=\"justify\">La gerente general de Servicios VPS Spa, Pamela Gaete, destac\u00f3 la oportunidad que se ha creado \u201cpara que las compa\u00f1\u00edas mineras puedan conocernos, conocer las empresas locales, ya que la empresa local es capaz de hacer frente a un contrato. Muchas veces nos pasa que encasillan a las empresas locales, que no son capaces, sin embargo, despu\u00e9s que entran a conocerlas y ven la capacidad que realmente tienen, se dan cuenta de que muchas son capaces de llevar a cabo un contrato\u201d. <\/p>\n\n\n\n<p align=\"justify\">Por su parte, Francisco Prieto, gerente general de Todo Piping, empresa ligada a la instalaci\u00f3n de v\u00e1lvulas en faenas mineras, dijo que tuvo la posibilidad de dar a conocer sus productos y comercializaci\u00f3n del periodo 2022, destacando la funcionalidad en la metodolog\u00eda de la rueda de negocios. <\/p>\n\n\n\n<p align=\"justify\">\u201cMe pareci\u00f3 de total agrado y de total funcionalidad. Conecta mucho con las empresas que tenemos productos para la miner\u00eda, a tiempo cercano y real, con las necesidades que puede tener la faena y en el montaje de las instalaciones nuevas\u201d, sostuvo Prieto.<\/p>\n\n\n\n<p align=\"justify\">Finalmente, para el gerente comercial de Rubbercom Ltda., Luis Henr\u00edquez Gui\u00f1ez, esta actividad permiti\u00f3 presentar los productos y servicios que ofrecen como compa\u00f1\u00eda, la cual se dedica al revestimiento en caucho para la l\u00ednea de las plantas concentradoras. <\/p>\n\n\n\n<p align=\"justify\">\u201cPara nosotros, esta es una actividad que nos permite darnos a conocer en nuestro servicio que prestamos, para as\u00ed poder hacer un encadenamiento a trav\u00e9s de este tipo de actividades con la miner\u00eda, ya que es nuestro principal rubro como empresa. Este tipo de actividades son beneficiosas. Quedamos muy conformes y esperamos poder tener la posibilidad de seguir ampliando este tipo de comunicaciones, porque es nuestro objetivo principal como empresa\u201d, sentenci\u00f3 Henr\u00edquez.<\/p>\n\n\n\n<p align=\"justify\">Cabe resaltar que, actualmente, son m\u00e1s de 400 empresas regionales que ya son parte del portal, y ya muchas de ellas han empezado a recibir invitaciones a licitaciones con Teck Quebrada Blanca, llegando a concretar prestaciones de servicios con la empresa minera. <\/p>\n\n\n\n<figure class=\"wp-block-image size-large\"><img loading=\"lazy\" decoding=\"async\" width=\"1024\" height=\"768\" src=\"https:\/\/redpronorte.cl\/sitio\/wp-content\/uploads\/2023\/01\/foto6-1024x768.jpeg\" alt=\"\" class=\"wp-image-343\" srcset=\"https:\/\/redpronorte.cl\/sitio\/wp-content\/uploads\/2023\/01\/foto6-1024x768.jpeg 1024w, https:\/\/redpronorte.cl\/sitio\/wp-content\/uploads\/2023\/01\/foto6-300x225.jpeg 300w, https:\/\/redpronorte.cl\/sitio\/wp-content\/uploads\/2023\/01\/foto6-768x576.jpeg 768w, https:\/\/redpronorte.cl\/sitio\/wp-content\/uploads\/2023\/01\/foto6-1536x1152.jpeg 1536w, https:\/\/redpronorte.cl\/sitio\/wp-content\/uploads\/2023\/01\/foto6.jpeg 1600w\" sizes=\"auto, (max-width: 1024px) 100vw, 1024px\" \/><\/figure>\n","protected":false},"excerpt":{"rendered":"<p>La iniciativa const\u00f3 de dos jornadas y fue impulsada por Teck Quebrada Blanca junto a la Asociaci\u00f3n de Industriales de Iquique y el Tamarugal, y congreg\u00f3 a 48 empresas proveedoras del sector minero. Con el objetivo de generar un espacio de vinculaci\u00f3n entre proveedores que son parte de Red Pro Norte y que cuentan con&hellip;<\/p>\n","protected":false},"author":3,"featured_media":442,"comment_status":"closed","ping_status":"closed","sticky":false,"template":"","format":"standard","meta":{"footnotes":""},"categories":[4],"tags":[],"post_series":[],"class_list":["post-338","post","type-post","status-publish","format-standard","has-post-thumbnail","hentry","category-noticias","entry","has-media"],"_links":{"self":[{"href":"https:\/\/redpronorte.cl\/sitio\/wp-json\/wp\/v2\/posts\/338","targetHints":{"allow":["GET"]}}],"collection":[{"href":"https:\/\/redpronorte.cl\/sitio\/wp-json\/wp\/v2\/posts"}],"about":[{"href":"https:\/\/redpronorte.cl\/sitio\/wp-json\/wp\/v2\/types\/post"}],"author":[{"embeddable":true,"href":"https:\/\/redpronorte.cl\/sitio\/wp-json\/wp\/v2\/users\/3"}],"replies":[{"embeddable":true,"href":"https:\/\/redpronorte.cl\/sitio\/wp-json\/wp\/v2\/comments?post=338"}],"version-history":[{"count":3,"href":"https:\/\/redpronorte.cl\/sitio\/wp-json\/wp\/v2\/posts\/338\/revisions"}],"predecessor-version":[{"id":344,"href":"https:\/\/redpronorte.cl\/sitio\/wp-json\/wp\/v2\/posts\/338\/revisions\/344"}],"wp:featuredmedia":[{"embeddable":true,"href":"https:\/\/redpronorte.cl\/sitio\/wp-json\/wp\/v2\/media\/442"}],"wp:attachment":[{"href":"https:\/\/redpronorte.cl\/sitio\/wp-json\/wp\/v2\/media?parent=338"}],"wp:term":[{"taxonomy":"category","embeddable":true,"href":"https:\/\/redpronorte.cl\/sitio\/wp-json\/wp\/v2\/categories?post=338"},{"taxonomy":"post_tag","embeddable":true,"href":"https:\/\/redpronorte.cl\/sitio\/wp-json\/wp\/v2\/tags?post=338"},{"taxonomy":"post_series","embeddable":true,"href":"https:\/\/redpronorte.cl\/sitio\/wp-json\/wp\/v2\/post_series?post=338"}],"curies":[{"name":"wp","href":"https:\/\/api.w.org\/{rel}","templated":true}]}}