{"id":159,"date":"2022-11-16T11:54:23","date_gmt":"2022-11-16T14:54:23","guid":{"rendered":"https:\/\/redpronorte.cl\/sitio\/?p=159"},"modified":"2022-12-29T18:15:22","modified_gmt":"2022-12-29T21:15:22","slug":"teck-y-asociacion-de-industriales-de-iquique-dan-a-conocer-el-portal-red-pro-norte-a-socios-de-la-camara-de-comercio-de-iquique","status":"publish","type":"post","link":"https:\/\/redpronorte.cl\/sitio\/teck-y-asociacion-de-industriales-de-iquique-dan-a-conocer-el-portal-red-pro-norte-a-socios-de-la-camara-de-comercio-de-iquique\/","title":{"rendered":"TECK Y ASOCIACI\u00d3N DE INDUSTRIALES DE IQUIQUE DAN A CONOCER EL PORTAL RED PRO NORTE A SOCIOS DE LA C\u00c1MARA DE COMERCIO DE IQUIQUE"},"content":{"rendered":"\n<p class=\"justify\">Tuvieron la oportunidad de conocer el sitio web y sus beneficios, lo cual les permitir\u00e1 visibilizar su oferta de bienes y servicios.<\/p>\n\n\n\n<p align=\"justify\"><br>En la instancia, particip\u00f3 el Superintendente de Compras de Teck Chile, Julio Monroy, quien destac\u00f3 la relevancia de dar a conocer el portal y \u201cobviamente abrir la invitaci\u00f3n a que se inscriban para poder tener visibilidad de los servicios que ofertan en la regi\u00f3n, y obviamente recibir su feedback. Creo que de la reuni\u00f3n de hoy d\u00eda salieron ideas bien positivas, que nos van a permitir seguir mejorando la plataforma, para capturar las capacidades que existan en la regi\u00f3n\u201d, dijo Monroy.\n<br><br>\nEl equipo de Red Pro Norte se reuni\u00f3 con los socios de la C\u00e1mara de Comercio de Iquique, con el principal objetivo de dar a conocer la plataforma virtual, su funcionamiento y c\u00f3mo los proveedores de la Regi\u00f3n de Tarapac\u00e1 pueden ser parte de ella.\n<br><br>\nSobre la importancia para Teck Quebrada Blanca y sus futuras operaciones, Monroy se\u00f1al\u00f3 que \u201ces fundamental, porque nos da visibilidad de lo que tenemos disponible en la regi\u00f3n para atender todos nuestros requerimientos de materiales y servicios. Sin esta herramienta, la verdad es que ser\u00eda muy dif\u00edcil para nosotros en el d\u00eda a d\u00eda poder encontrar proveedores para atender nuestras necesidades\u201d.\n<\/p>\n\n\n\n<p><br>Por su parte, el gerente general de la Asociaci\u00f3n de Industriales de Iquique y el Tamarugal (AII), Marcos G\u00f3mez, sostuvo que \u201cnuestra principal preocupaci\u00f3n es llevar a cabo proyectos en pos de aumentar y mejorar las capacidades de gesti\u00f3n en distintas \u00e1reas de los proveedores locales para que as\u00ed puedan aumentar su presencia en la contrataci\u00f3n del sector minero de la regi\u00f3n, por esto la creaci\u00f3n de este portal. Confiamos en que a medida que el portal cuente con la mayor cantidad de empresas inscritas y con sus registros actualizados y con la documentaci\u00f3n que se solicita, el portal podr\u00e1 ser una valiosa fuente para que los usuarios de las distintas compa\u00f1\u00edas mineras puedan consultar y buscar empresas para invitarlas a los procesos de compra y licitaciones\u201d.<\/p>\n\n\n\n<p><br>Desde la C\u00e1mara de Comercio de Iquique, su Gerente, Roberto Varas, indic\u00f3 la importancia de esta iniciativa para los proveedores locales y su asociatividad, ya que \u00e9stos \u201cnecesitan de alguna manera que les den la posibilidad de poder participar de las licitaciones, que les den las herramientas y la garant\u00eda para poder ir creciendo. Con un cliente importante en el rubro minero en el sector industrial, \u00e9ste podr\u00eda ampliar sus operaciones, sus instalaciones, contratar m\u00e1s personas, generar encadenamiento productivo entre las peque\u00f1as y medianas empresas con las grandes, y tambi\u00e9n con los microempresarios. Por lo tanto, para nosotros es vital este desarrollo asociativo entre los gremios\u201d.<\/p>\n\n\n\n<p><br>En la actividad, tambi\u00e9n expuso la L\u00edder del programa Elige Crecer de Teck, Denisse Barahona, quien habl\u00f3 sobre los objetivos de esta importante iniciativa, la cual busca poder desarrollar competencias t\u00e9cnicas y transversales para la integraci\u00f3n del capital humano calificado local de la Regi\u00f3n de Tarapac\u00e1, contribuyendo as\u00ed al desarrollo productivo de la regi\u00f3n a trav\u00e9s de la capacitaci\u00f3n y oportunidades de empleo local.<\/p>\n\n\n\n<p><br>\u201cEs importante destacar que, en la actualidad, existen m\u00e1s de 400 empresas regionales que ya son parte del portal, y ya muchas de ellas han empezado a recibir invitaciones a licitaciones con Teck Quebrada Blanca, llegando a concretar prestaciones de servicios con la empresa minera\u201d, destac\u00f3 Makarena Aguiluz, L\u00edder de Proveedores Locales de Teck. Para ser parte del portal o bien obtener mayor informaci\u00f3n, ingresar a www.redpronorte.cl<\/p>\n","protected":false},"excerpt":{"rendered":"<p>Tuvieron la oportunidad de conocer el sitio web y sus beneficios, lo cual les permitir\u00e1 visibilizar su oferta de bienes y servicios. En la instancia, particip\u00f3 el Superintendente de Compras de Teck Chile, Julio Monroy, quien destac\u00f3 la relevancia de dar a conocer el portal y \u201cobviamente abrir la invitaci\u00f3n a que se inscriban para&hellip;<\/p>\n","protected":false},"author":2,"featured_media":161,"comment_status":"closed","ping_status":"closed","sticky":false,"template":"","format":"standard","meta":{"footnotes":""},"categories":[4],"tags":[],"post_series":[],"class_list":["post-159","post","type-post","status-publish","format-standard","has-post-thumbnail","hentry","category-noticias","entry","has-media"],"_links":{"self":[{"href":"https:\/\/redpronorte.cl\/sitio\/wp-json\/wp\/v2\/posts\/159","targetHints":{"allow":["GET"]}}],"collection":[{"href":"https:\/\/redpronorte.cl\/sitio\/wp-json\/wp\/v2\/posts"}],"about":[{"href":"https:\/\/redpronorte.cl\/sitio\/wp-json\/wp\/v2\/types\/post"}],"author":[{"embeddable":true,"href":"https:\/\/redpronorte.cl\/sitio\/wp-json\/wp\/v2\/users\/2"}],"replies":[{"embeddable":true,"href":"https:\/\/redpronorte.cl\/sitio\/wp-json\/wp\/v2\/comments?post=159"}],"version-history":[{"count":9,"href":"https:\/\/redpronorte.cl\/sitio\/wp-json\/wp\/v2\/posts\/159\/revisions"}],"predecessor-version":[{"id":268,"href":"https:\/\/redpronorte.cl\/sitio\/wp-json\/wp\/v2\/posts\/159\/revisions\/268"}],"wp:featuredmedia":[{"embeddable":true,"href":"https:\/\/redpronorte.cl\/sitio\/wp-json\/wp\/v2\/media\/161"}],"wp:attachment":[{"href":"https:\/\/redpronorte.cl\/sitio\/wp-json\/wp\/v2\/media?parent=159"}],"wp:term":[{"taxonomy":"category","embeddable":true,"href":"https:\/\/redpronorte.cl\/sitio\/wp-json\/wp\/v2\/categories?post=159"},{"taxonomy":"post_tag","embeddable":true,"href":"https:\/\/redpronorte.cl\/sitio\/wp-json\/wp\/v2\/tags?post=159"},{"taxonomy":"post_series","embeddable":true,"href":"https:\/\/redpronorte.cl\/sitio\/wp-json\/wp\/v2\/post_series?post=159"}],"curies":[{"name":"wp","href":"https:\/\/api.w.org\/{rel}","templated":true}]}}